{"id":163552,"date":"2022-05-25T19:59:23","date_gmt":"2022-05-25T16:59:23","guid":{"rendered":"https:\/\/wmmaa.org\/trilogia-completa-de-alistair-overeem-e-badr-hari\/"},"modified":"2022-05-25T19:59:23","modified_gmt":"2022-05-25T16:59:23","slug":"trilogia-completa-de-alistair-overeem-e-badr-hari","status":"publish","type":"post","link":"https:\/\/wmmaa.org\/pt-pt\/trilogia-completa-de-alistair-overeem-e-badr-hari\/","title":{"rendered":"Trilogia completa de Alistair Overeem e Badr Hari"},"content":{"rendered":"<div id=\"feat-img-reg\" class=\"relative\">\n<\/div>\n<div class=\"itemIntroText\">\n<p>A terceira luta entre Alistair Overeem e Badr Hari ser\u00e1 o evento principal do GLORY Collision 4 no dia 8 de outubro.<\/p>\n<\/div>\n<div class=\"yandex_rtb_wrapper\">\n<div id=\"yandex_rtb_R-A-108029-34\"><\/div>\n<\/div>\n<div class=\"itemFullText\">\n<p>Representantes da organiza\u00e7\u00e3o anunciaram oficialmente a conclus\u00e3o da trilogia entre os lend\u00e1rios kickboxers holandeses.<\/p>\n<p><iframe loading=\"lazy\" title=\"COLLISION 4: Hari vs. Overeem - Announcement Trailer\" width=\"640\" height=\"360\" src=\"https:\/\/www.youtube.com\/embed\/kVCcoNJ96rs?feature=oembed\" frameborder=\"0\" allow=\"accelerometer; autoplay; clipboard-write; encrypted-media; gyroscope; picture-in-picture; web-share\" referrerpolicy=\"strict-origin-when-cross-origin\" allowfullscreen><\/iframe><\/p>\n<p>Na primeira luta, realizada em dezembro de 2008 no torneio K-1 Dynamite, Overeem nocauteou o advers\u00e1rio no primeiro round e, um ano depois, Hari se vingou de forma convincente no K-1 World Grand Prix 2009, obrigando o \u00e1rbitro para parar a luta ap\u00f3s v\u00e1rios knockdowns.<\/p>\n<p>Alistair Overeem, 42, que foi demitido do UFC no ano passado ap\u00f3s uma derrota precoce para Alexander Volkov, est\u00e1 retornando ao kickboxing ap\u00f3s um hiato de 12 anos.  Overeem deveria desafiar imediatamente o atual campe\u00e3o do GLORY, Rico Verhoeven, no entanto, o peso pesado foi for\u00e7ado a sair do GLORY Collision 3 devido a uma les\u00e3o.<\/p>\n<p>Badr Hari, de 37 anos, que n\u00e3o conhece a vit\u00f3ria desde 2015, passou as duas \u00faltimas lutas contra o polon\u00eas Arkadiusz Vrzhosek, perdendo a primeira luta por nocaute, e a segunda partida terminou sem anunciar o resultado devido a tumultos organizados por torcedores poloneses .<\/p>\n<\/p><\/div>\n<p>    .<\/p>\n","protected":false},"excerpt":{"rendered":"<p>A terceira luta entre Alistair Overeem e Badr Hari ser\u00e1 o evento principal do GLORY Collision 4 no dia 8 de outubro. Representantes da organiza\u00e7\u00e3o anunciaram oficialmente a conclus\u00e3o da trilogia entre os lend\u00e1rios kickboxers holandeses. Na primeira luta, realizada em dezembro de 2008 no torneio K-1 Dynamite, Overeem nocauteou o advers\u00e1rio no primeiro round [&hellip;]<\/p>\n","protected":false},"author":1,"featured_media":163543,"comment_status":"","ping_status":"open","sticky":false,"template":"","format":"standard","meta":{"footnotes":""},"categories":[1],"tags":[714,2116],"_links":{"self":[{"href":"https:\/\/wmmaa.org\/pt-pt\/wp-json\/wp\/v2\/posts\/163552"}],"collection":[{"href":"https:\/\/wmmaa.org\/pt-pt\/wp-json\/wp\/v2\/posts"}],"about":[{"href":"https:\/\/wmmaa.org\/pt-pt\/wp-json\/wp\/v2\/types\/post"}],"author":[{"embeddable":true,"href":"https:\/\/wmmaa.org\/pt-pt\/wp-json\/wp\/v2\/users\/1"}],"replies":[{"embeddable":true,"href":"https:\/\/wmmaa.org\/pt-pt\/wp-json\/wp\/v2\/comments?post=163552"}],"version-history":[{"count":0,"href":"https:\/\/wmmaa.org\/pt-pt\/wp-json\/wp\/v2\/posts\/163552\/revisions"}],"wp:featuredmedia":[{"embeddable":true,"href":"https:\/\/wmmaa.org\/pt-pt\/wp-json\/wp\/v2\/media\/163543"}],"wp:attachment":[{"href":"https:\/\/wmmaa.org\/pt-pt\/wp-json\/wp\/v2\/media?parent=163552"}],"wp:term":[{"taxonomy":"category","embeddable":true,"href":"https:\/\/wmmaa.org\/pt-pt\/wp-json\/wp\/v2\/categories?post=163552"},{"taxonomy":"post_tag","embeddable":true,"href":"https:\/\/wmmaa.org\/pt-pt\/wp-json\/wp\/v2\/tags?post=163552"}],"curies":[{"name":"wp","href":"https:\/\/api.w.org\/{rel}","templated":true}]}}