{"id":163369,"date":"2022-05-25T13:05:42","date_gmt":"2022-05-25T10:05:42","guid":{"rendered":"https:\/\/wmmaa.org\/marlon-vera-promete-parar-peter-yan\/"},"modified":"2022-05-25T13:05:42","modified_gmt":"2022-05-25T10:05:42","slug":"marlon-vera-promete-parar-peter-yan","status":"publish","type":"post","link":"https:\/\/wmmaa.org\/pt-pt\/marlon-vera-promete-parar-peter-yan\/","title":{"rendered":"Marlon Vera promete parar Peter Yan"},"content":{"rendered":"<div id=\"feat-img-reg\" class=\"relative\">\n<\/div>\n<div class=\"itemIntroText\">\n<p>O n\u00famero cinco do peso galo do UFC, Marlon Vera, n\u00e3o tem d\u00favidas de que pode conquistar uma vit\u00f3ria dominante sobre Petr Yan e desafiar o atual campe\u00e3o da divis\u00e3o.<\/p>\n<\/div>\n<div class=\"yandex_rtb_wrapper\">\n<div id=\"yandex_rtb_R-A-108029-34\"><\/div>\n<\/div>\n<div class=\"itemFullText\">\n<blockquote>\n<p>&#8220;Estou a uma vit\u00f3ria de uma luta pelo t\u00edtulo&#8221;, disse Vera ao The Schmo.  \u201cEspero que seja Petr Yan &#8211; este \u00e9 um caminho direto para o t\u00edtulo, a luta pelo t\u00edtulo de desafiante n\u00famero um.  Vou chutar a bunda dele e seguir em frente.  Yang disse que quer, ele vai conseguir.  Vou par\u00e1-lo e conseguir uma chance pelo t\u00edtulo.  N\u00e3o sei contra quem Aljamain Sterling vai defender, mas vou lutar com quem tiver o cintur\u00e3o do campeonato.\u201d<\/p>\n<\/blockquote>\n<p>H\u00e1 um m\u00eas e meio, Petr Yan fez uma tentativa frustrada de unificar os t\u00edtulos interino e atual do peso galo do UFC, perdendo na decis\u00e3o dividida para Aljamain Sterling ap\u00f3s cinco rounds, e Marlon Vera tr\u00eas semanas depois conseguiu a terceira vit\u00f3ria consecutiva, conquistando um decis\u00e3o un\u00e2nime contra Rob Font.<\/p>\n<\/p><\/div>\n<p>    .<\/p>\n","protected":false},"excerpt":{"rendered":"<p>O n\u00famero cinco do peso galo do UFC, Marlon Vera, n\u00e3o tem d\u00favidas de que pode conquistar uma vit\u00f3ria dominante sobre Petr Yan e desafiar o atual campe\u00e3o da divis\u00e3o. &#8220;Estou a uma vit\u00f3ria de uma luta pelo t\u00edtulo&#8221;, disse Vera ao The Schmo. \u201cEspero que seja Petr Yan &#8211; este \u00e9 um caminho direto [&hellip;]<\/p>\n","protected":false},"author":1,"featured_media":163359,"comment_status":"","ping_status":"open","sticky":false,"template":"","format":"standard","meta":{"footnotes":""},"categories":[1],"tags":[953,15],"_links":{"self":[{"href":"https:\/\/wmmaa.org\/pt-pt\/wp-json\/wp\/v2\/posts\/163369"}],"collection":[{"href":"https:\/\/wmmaa.org\/pt-pt\/wp-json\/wp\/v2\/posts"}],"about":[{"href":"https:\/\/wmmaa.org\/pt-pt\/wp-json\/wp\/v2\/types\/post"}],"author":[{"embeddable":true,"href":"https:\/\/wmmaa.org\/pt-pt\/wp-json\/wp\/v2\/users\/1"}],"replies":[{"embeddable":true,"href":"https:\/\/wmmaa.org\/pt-pt\/wp-json\/wp\/v2\/comments?post=163369"}],"version-history":[{"count":0,"href":"https:\/\/wmmaa.org\/pt-pt\/wp-json\/wp\/v2\/posts\/163369\/revisions"}],"wp:featuredmedia":[{"embeddable":true,"href":"https:\/\/wmmaa.org\/pt-pt\/wp-json\/wp\/v2\/media\/163359"}],"wp:attachment":[{"href":"https:\/\/wmmaa.org\/pt-pt\/wp-json\/wp\/v2\/media?parent=163369"}],"wp:term":[{"taxonomy":"category","embeddable":true,"href":"https:\/\/wmmaa.org\/pt-pt\/wp-json\/wp\/v2\/categories?post=163369"},{"taxonomy":"post_tag","embeddable":true,"href":"https:\/\/wmmaa.org\/pt-pt\/wp-json\/wp\/v2\/tags?post=163369"}],"curies":[{"name":"wp","href":"https:\/\/api.w.org\/{rel}","templated":true}]}}