{"id":149644,"date":"2022-05-09T10:40:21","date_gmt":"2022-05-09T07:40:21","guid":{"rendered":"https:\/\/wmmaa.org\/nate-diaz-fez-uma-declaracao-sobre-a-luta-com-khamzat-chimaev\/"},"modified":"2022-05-09T10:40:21","modified_gmt":"2022-05-09T07:40:21","slug":"nate-diaz-fez-uma-declaracao-sobre-a-luta-com-khamzat-chimaev","status":"publish","type":"post","link":"https:\/\/wmmaa.org\/pt-pt\/nate-diaz-fez-uma-declaracao-sobre-a-luta-com-khamzat-chimaev\/","title":{"rendered":"Nate Diaz fez uma declara\u00e7\u00e3o sobre a luta com Khamzat Chimaev"},"content":{"rendered":"<div id=\"feat-img-reg\" class=\"relative\">\n<\/div>\n<div class=\"itemIntroText\">\n<p>O popular lutador americano Nate Diaz comentou a informa\u00e7\u00e3o de que seu pr\u00f3ximo advers\u00e1rio pode ser o terceiro n\u00famero na classifica\u00e7\u00e3o meio-m\u00e9dio do UFC Khamzat Chimaev, luta com quem est\u00e1 em desenvolvimento e pode acontecer no dia 2 de julho no UFC 276, em Las Vegas.<\/p>\n<\/div>\n<div class=\"yandex_rtb_wrapper\">\n<div id=\"yandex_rtb_R-A-108029-34\"><\/div>\n<\/div>\n<div class=\"itemFullText\">\n<p>Segundo o americano, o lutador checheno est\u00e1 lesionado e planeja participar do UFC 277, marcado para 30 de julho.<\/p>\n<blockquote>\n<p>\u201c30 de julho, meio cora\u00e7\u00e3o\u201d, escreveu o americano nas redes sociais.  \u201cHamzat e Conor est\u00e3o na lista de covardes feridos, ent\u00e3o n\u00e3o entendo por que eles s\u00e3o uma merda quando est\u00e3o quebrados\u201d<\/p>\n<p>&#8220;E s\u00f3 para constar, eu teria facilmente estrangulado Oliveira&#8221;, acrescentou.<\/p>\n<\/blockquote>\n<p>Mais cedo, Chimaev, comentando sobre uma prov\u00e1vel briga com Diaz, acusou o americano de fugir da briga.<\/p>\n<p>Ao mesmo tempo, o presidente do UFC, Dana White, confirmou os planos da organiza\u00e7\u00e3o para a luta entre Chimaev e Diaz.<\/p>\n<blockquote>\n<p>\u201cSim, \u00e9, mas at\u00e9 agora eles n\u00e3o passam de nomes na parede\u201d, disse o chefe do UFC em entrevista coletiva ap\u00f3s o torneio UFC 274. \u201cEstamos trabalhando nisso.  Vamos ver como as coisas ficam&#8221;<\/p>\n<\/blockquote><\/div>\n<p>    .<\/p>\n","protected":false},"excerpt":{"rendered":"<p>O popular lutador americano Nate Diaz comentou a informa\u00e7\u00e3o de que seu pr\u00f3ximo advers\u00e1rio pode ser o terceiro n\u00famero na classifica\u00e7\u00e3o meio-m\u00e9dio do UFC Khamzat Chimaev, luta com quem est\u00e1 em desenvolvimento e pode acontecer no dia 2 de julho no UFC 276, em Las Vegas. Segundo o americano, o lutador checheno est\u00e1 lesionado e [&hellip;]<\/p>\n","protected":false},"author":1,"featured_media":149634,"comment_status":"","ping_status":"open","sticky":false,"template":"","format":"standard","meta":{"footnotes":""},"categories":[1],"tags":[56,139],"_links":{"self":[{"href":"https:\/\/wmmaa.org\/pt-pt\/wp-json\/wp\/v2\/posts\/149644"}],"collection":[{"href":"https:\/\/wmmaa.org\/pt-pt\/wp-json\/wp\/v2\/posts"}],"about":[{"href":"https:\/\/wmmaa.org\/pt-pt\/wp-json\/wp\/v2\/types\/post"}],"author":[{"embeddable":true,"href":"https:\/\/wmmaa.org\/pt-pt\/wp-json\/wp\/v2\/users\/1"}],"replies":[{"embeddable":true,"href":"https:\/\/wmmaa.org\/pt-pt\/wp-json\/wp\/v2\/comments?post=149644"}],"version-history":[{"count":0,"href":"https:\/\/wmmaa.org\/pt-pt\/wp-json\/wp\/v2\/posts\/149644\/revisions"}],"wp:featuredmedia":[{"embeddable":true,"href":"https:\/\/wmmaa.org\/pt-pt\/wp-json\/wp\/v2\/media\/149634"}],"wp:attachment":[{"href":"https:\/\/wmmaa.org\/pt-pt\/wp-json\/wp\/v2\/media?parent=149644"}],"wp:term":[{"taxonomy":"category","embeddable":true,"href":"https:\/\/wmmaa.org\/pt-pt\/wp-json\/wp\/v2\/categories?post=149644"},{"taxonomy":"post_tag","embeddable":true,"href":"https:\/\/wmmaa.org\/pt-pt\/wp-json\/wp\/v2\/tags?post=149644"}],"curies":[{"name":"wp","href":"https:\/\/api.w.org\/{rel}","templated":true}]}}