{"id":146155,"date":"2022-05-05T10:47:37","date_gmt":"2022-05-05T07:47:37","guid":{"rendered":"https:\/\/wmmaa.org\/jorge-masvidal-respondeu-ao-desafio-de-gilbert-burns\/"},"modified":"2022-05-05T10:47:37","modified_gmt":"2022-05-05T07:47:37","slug":"jorge-masvidal-respondeu-ao-desafio-de-gilbert-burns","status":"publish","type":"post","link":"https:\/\/wmmaa.org\/pt-pt\/jorge-masvidal-respondeu-ao-desafio-de-gilbert-burns\/","title":{"rendered":"Jorge Masvidal respondeu ao desafio de Gilbert Burns"},"content":{"rendered":"<div id=\"feat-img-reg\" class=\"relative\">\n<\/div>\n<div class=\"itemIntroText\">\n<p>O ex-desafiante ao t\u00edtulo dos meio-m\u00e9dios do UFC Jorge Masvidal est\u00e1 pronto para dividir o oct\u00f3gono com o desafiante de Gilbert Burns.<\/p>\n<\/div>\n<div class=\"yandex_rtb_wrapper\">\n<div id=\"yandex_rtb_R-A-108029-34\"><\/div>\n<\/div>\n<div class=\"itemFullText\">\n<p>Na v\u00e9spera, o brasileiro postou sua pr\u00f3pria foto nas redes sociais junto com um potencial advers\u00e1rio, e o americano deixou claro que estava interessado nessa luta.<\/p>\n<blockquote>\n<p>&#8220;Parece bom para mim.  Vamos ver o que acontece&#8221;, escreveu Masvidal.<\/p>\n<p>\u201cEu sei que voc\u00ea quer intensificar sua luta, ent\u00e3o continue com isso enquanto eu cuido da minha vida e ainda este ano podemos brigar\u201d, respondeu Burns.<\/p>\n<\/blockquote>\n<p>Jorge Masvidal, de 37 anos, est\u00e1 em uma sequ\u00eancia de tr\u00eas derrotas consecutivas, tendo sofrido duas derrotas pelo t\u00edtulo contra Kamaru Usman e derrotado por decis\u00e3o un\u00e2nime para Colby Covington.<\/p>\n<p>Gilbert Burns, 35, tamb\u00e9m est\u00e1 tentando retomar sua carreira depois de perder por decis\u00e3o un\u00e2nime para Khamzat Chimaev em sua \u00faltima luta.<\/p>\n<\/p><\/div>\n<p>    .<\/p>\n","protected":false},"excerpt":{"rendered":"<p>O ex-desafiante ao t\u00edtulo dos meio-m\u00e9dios do UFC Jorge Masvidal est\u00e1 pronto para dividir o oct\u00f3gono com o desafiante de Gilbert Burns. Na v\u00e9spera, o brasileiro postou sua pr\u00f3pria foto nas redes sociais junto com um potencial advers\u00e1rio, e o americano deixou claro que estava interessado nessa luta. &#8220;Parece bom para mim. Vamos ver o [&hellip;]<\/p>\n","protected":false},"author":1,"featured_media":146156,"comment_status":"","ping_status":"open","sticky":false,"template":"","format":"standard","meta":{"footnotes":""},"categories":[1],"tags":[448,29],"_links":{"self":[{"href":"https:\/\/wmmaa.org\/pt-pt\/wp-json\/wp\/v2\/posts\/146155"}],"collection":[{"href":"https:\/\/wmmaa.org\/pt-pt\/wp-json\/wp\/v2\/posts"}],"about":[{"href":"https:\/\/wmmaa.org\/pt-pt\/wp-json\/wp\/v2\/types\/post"}],"author":[{"embeddable":true,"href":"https:\/\/wmmaa.org\/pt-pt\/wp-json\/wp\/v2\/users\/1"}],"replies":[{"embeddable":true,"href":"https:\/\/wmmaa.org\/pt-pt\/wp-json\/wp\/v2\/comments?post=146155"}],"version-history":[{"count":0,"href":"https:\/\/wmmaa.org\/pt-pt\/wp-json\/wp\/v2\/posts\/146155\/revisions"}],"wp:featuredmedia":[{"embeddable":true,"href":"https:\/\/wmmaa.org\/pt-pt\/wp-json\/wp\/v2\/media\/146156"}],"wp:attachment":[{"href":"https:\/\/wmmaa.org\/pt-pt\/wp-json\/wp\/v2\/media?parent=146155"}],"wp:term":[{"taxonomy":"category","embeddable":true,"href":"https:\/\/wmmaa.org\/pt-pt\/wp-json\/wp\/v2\/categories?post=146155"},{"taxonomy":"post_tag","embeddable":true,"href":"https:\/\/wmmaa.org\/pt-pt\/wp-json\/wp\/v2\/tags?post=146155"}],"curies":[{"name":"wp","href":"https:\/\/api.w.org\/{rel}","templated":true}]}}