{"id":128159,"date":"2022-03-30T11:29:50","date_gmt":"2022-03-30T08:29:50","guid":{"rendered":"https:\/\/wmmaa.org\/jon-jones-estima-as-chances-de-retorno-ao-meio-pesado\/"},"modified":"2022-03-30T11:29:50","modified_gmt":"2022-03-30T08:29:50","slug":"jon-jones-estima-as-chances-de-retorno-ao-meio-pesado","status":"publish","type":"post","link":"https:\/\/wmmaa.org\/pt-pt\/jon-jones-estima-as-chances-de-retorno-ao-meio-pesado\/","title":{"rendered":"Jon Jones estima as chances de retorno ao meio-pesado"},"content":{"rendered":"<div id=\"feat-img-reg\" class=\"relative\">\n<\/div>\n<div class=\"itemIntroText\">\n<p>O ex-campe\u00e3o meio-pesado do UFC Jon Jones, que h\u00e1 dois anos se prepara para estrear no peso pesado, avaliou a probabilidade de um retorno \u00e0 categoria.<\/p>\n<\/div>\n<div class=\"yandex_rtb_wrapper\">\n<div id=\"yandex_rtb_R-A-108029-34\"><\/div>\n<\/div>\n<div class=\"itemFullText\">\n<blockquote>\n<p>&#8220;Minha vela de meio-pesado se apagou &#8211; minha \u00faltima luta mostrou isso&#8221;, escreveu o lutador americano nas redes sociais.  \u201cMas, em vez de ficar desanimado com o fraco desempenho, estou animado com a nova temporada.  \u00c9 uma nova energia e meu tempo no meio-pesado acabou, eu vejo isso mais claramente hoje do que nunca.&#8221;<\/p>\n<p>\u201cH\u00e1 dois anos venho visualizando isso e realmente acredito que o cintur\u00e3o dos pesos pesados \u200b\u200b\u00e9 o meu destino.  J\u00e1 est\u00e1 destinado.  Eu s\u00f3 tenho que continuar trabalhando e o resto vai se resolver sozinho.\u201d<\/p>\n<\/blockquote>\n<p>Mais cedo, o presidente do UFC, Dana White, anunciou que Jon Jones poderia ser um dos participantes da luta pelo t\u00edtulo interino dos pesos pesados \u200b\u200bdo UFC, que a organiza\u00e7\u00e3o planeja introduzir em conex\u00e3o com a pr\u00f3xima longa aus\u00eancia de Francis Ngannou, que passou por uma cirurgia no joelho.<\/p>\n<\/p><\/div>\n<p>    .<\/p>\n","protected":false},"excerpt":{"rendered":"<p>O ex-campe\u00e3o meio-pesado do UFC Jon Jones, que h\u00e1 dois anos se prepara para estrear no peso pesado, avaliou a probabilidade de um retorno \u00e0 categoria. &#8220;Minha vela de meio-pesado se apagou &#8211; minha \u00faltima luta mostrou isso&#8221;, escreveu o lutador americano nas redes sociais. \u201cMas, em vez de ficar desanimado com o fraco desempenho, [&hellip;]<\/p>\n","protected":false},"author":1,"featured_media":128149,"comment_status":"","ping_status":"open","sticky":false,"template":"","format":"standard","meta":{"footnotes":""},"categories":[1],"tags":[335],"_links":{"self":[{"href":"https:\/\/wmmaa.org\/pt-pt\/wp-json\/wp\/v2\/posts\/128159"}],"collection":[{"href":"https:\/\/wmmaa.org\/pt-pt\/wp-json\/wp\/v2\/posts"}],"about":[{"href":"https:\/\/wmmaa.org\/pt-pt\/wp-json\/wp\/v2\/types\/post"}],"author":[{"embeddable":true,"href":"https:\/\/wmmaa.org\/pt-pt\/wp-json\/wp\/v2\/users\/1"}],"replies":[{"embeddable":true,"href":"https:\/\/wmmaa.org\/pt-pt\/wp-json\/wp\/v2\/comments?post=128159"}],"version-history":[{"count":0,"href":"https:\/\/wmmaa.org\/pt-pt\/wp-json\/wp\/v2\/posts\/128159\/revisions"}],"wp:featuredmedia":[{"embeddable":true,"href":"https:\/\/wmmaa.org\/pt-pt\/wp-json\/wp\/v2\/media\/128149"}],"wp:attachment":[{"href":"https:\/\/wmmaa.org\/pt-pt\/wp-json\/wp\/v2\/media?parent=128159"}],"wp:term":[{"taxonomy":"category","embeddable":true,"href":"https:\/\/wmmaa.org\/pt-pt\/wp-json\/wp\/v2\/categories?post=128159"},{"taxonomy":"post_tag","embeddable":true,"href":"https:\/\/wmmaa.org\/pt-pt\/wp-json\/wp\/v2\/tags?post=128159"}],"curies":[{"name":"wp","href":"https:\/\/api.w.org\/{rel}","templated":true}]}}