{"id":116619,"date":"2022-03-04T08:27:29","date_gmt":"2022-03-04T06:27:29","guid":{"rendered":"https:\/\/wmmaa.org\/joe-rogan-voltara-a-trabalhar-no-ufc-272\/"},"modified":"2022-03-04T08:27:29","modified_gmt":"2022-03-04T06:27:29","slug":"joe-rogan-voltara-a-trabalhar-no-ufc-272","status":"publish","type":"post","link":"https:\/\/wmmaa.org\/pt-pt\/joe-rogan-voltara-a-trabalhar-no-ufc-272\/","title":{"rendered":"Joe Rogan voltar\u00e1 a trabalhar no UFC 272"},"content":{"rendered":"<div id=\"feat-img-reg\" class=\"relative\">\n<\/div>\n<div class=\"itemIntroText\">\n<p>O principal comentarista do UFC Joe Rogan, que est\u00e1 no centro de um esc\u00e2ndalo de corrida, retornar\u00e1 \u00e0s suas fun\u00e7\u00f5es no UFC 272 em 5 de mar\u00e7o em Las Vegas.<\/p>\n<\/div>\n<div class=\"yandex_rtb_wrapper\">\n<div id=\"yandex_rtb_R-A-108029-34\"><\/div>\n<\/div>\n<div class=\"itemFullText\">\n<p>Rogan ser\u00e1 acompanhado por John Enik e o ex-campe\u00e3o dos m\u00e9dios do UFC Michael Bisping.<\/p>\n<p>Joe Rogan, 56, est\u00e1 no centro de uma controv\u00e9rsia racial depois que um v\u00eddeo com trechos de seus coment\u00e1rios se tornou viral online.  Rogan, que repetiu a chamada \u201cpalavra com N\u201d v\u00e1rias vezes no v\u00eddeo, disse que suas palavras foram tiradas do contexto, mas excluiu v\u00e1rios de seus podcasts e emitiu um pedido p\u00fablico de desculpas.<\/p>\n<p>No entanto, um dia antes do UFC 271, que aconteceu em 12 de fevereiro em Houston, Rogan foi retirado do elenco, com reda\u00e7\u00e3o oficial referindo-se a um &#8220;conflito de agenda&#8221; e o presidente do UFC, Dana White, afirmando ap\u00f3s o show que Rogan eu perdi o numerado evento por minha pr\u00f3pria iniciativa.<\/p>\n<p>Vale lembrar que a luta principal do UFC 272 ser\u00e1 a luta dos meio-m\u00e9dios entre Colby Covington e Jorge Masvidal.<\/p>\n<\/p><\/div>\n<p>    .<\/p>\n","protected":false},"excerpt":{"rendered":"<p>O principal comentarista do UFC Joe Rogan, que est\u00e1 no centro de um esc\u00e2ndalo de corrida, retornar\u00e1 \u00e0s suas fun\u00e7\u00f5es no UFC 272 em 5 de mar\u00e7o em Las Vegas. Rogan ser\u00e1 acompanhado por John Enik e o ex-campe\u00e3o dos m\u00e9dios do UFC Michael Bisping. Joe Rogan, 56, est\u00e1 no centro de uma controv\u00e9rsia racial [&hellip;]<\/p>\n","protected":false},"author":1,"featured_media":116609,"comment_status":"","ping_status":"open","sticky":false,"template":"","format":"standard","meta":{"footnotes":""},"categories":[1],"tags":[572,1589],"_links":{"self":[{"href":"https:\/\/wmmaa.org\/pt-pt\/wp-json\/wp\/v2\/posts\/116619"}],"collection":[{"href":"https:\/\/wmmaa.org\/pt-pt\/wp-json\/wp\/v2\/posts"}],"about":[{"href":"https:\/\/wmmaa.org\/pt-pt\/wp-json\/wp\/v2\/types\/post"}],"author":[{"embeddable":true,"href":"https:\/\/wmmaa.org\/pt-pt\/wp-json\/wp\/v2\/users\/1"}],"replies":[{"embeddable":true,"href":"https:\/\/wmmaa.org\/pt-pt\/wp-json\/wp\/v2\/comments?post=116619"}],"version-history":[{"count":0,"href":"https:\/\/wmmaa.org\/pt-pt\/wp-json\/wp\/v2\/posts\/116619\/revisions"}],"wp:featuredmedia":[{"embeddable":true,"href":"https:\/\/wmmaa.org\/pt-pt\/wp-json\/wp\/v2\/media\/116609"}],"wp:attachment":[{"href":"https:\/\/wmmaa.org\/pt-pt\/wp-json\/wp\/v2\/media?parent=116619"}],"wp:term":[{"taxonomy":"category","embeddable":true,"href":"https:\/\/wmmaa.org\/pt-pt\/wp-json\/wp\/v2\/categories?post=116619"},{"taxonomy":"post_tag","embeddable":true,"href":"https:\/\/wmmaa.org\/pt-pt\/wp-json\/wp\/v2\/tags?post=116619"}],"curies":[{"name":"wp","href":"https:\/\/api.w.org\/{rel}","templated":true}]}}