{"id":116515,"date":"2022-03-03T23:01:25","date_gmt":"2022-03-03T21:01:25","guid":{"rendered":"https:\/\/wmmaa.org\/benil-dariush-fez-uma-declaracao-sobre-a-luta-com-islam-makhachev\/"},"modified":"2022-03-03T23:01:25","modified_gmt":"2022-03-03T21:01:25","slug":"benil-dariush-fez-uma-declaracao-sobre-a-luta-com-islam-makhachev","status":"publish","type":"post","link":"https:\/\/wmmaa.org\/pt-pt\/benil-dariush-fez-uma-declaracao-sobre-a-luta-com-islam-makhachev\/","title":{"rendered":"Benil Dariush fez uma declara\u00e7\u00e3o sobre a luta com Islam Makhachev"},"content":{"rendered":"<div id=\"feat-img-reg\" class=\"relative\">\n<\/div>\n<div class=\"itemIntroText\">\n<p>O top peso leve do UFC Benil Dariush, que desistiu de um duelo com Islam Makhachev devido a uma fratura na perna, falou sobre como est\u00e1 sua recupera\u00e7\u00e3o e quando planeja lutar contra o russo.<\/p>\n<\/div>\n<div class=\"yandex_rtb_wrapper\">\n<div id=\"yandex_rtb_R-A-108029-34\"><\/div>\n<\/div>\n<div class=\"itemFullText\">\n<blockquote>\n<p>&#8220;Agora estou fazendo fisioterapia &#8211; se tudo correr conforme o planejado, os m\u00e9dicos dizem que em seis a oito semanas poderei treinar&#8221;, disse Dariush em entrevista \u00e0 ESPN.  \u201cNo come\u00e7o eram cerca de quatro meses, ent\u00e3o quando eles chamaram o per\u00edodo de seis a oito semanas, eu quase chorei de alegria\u201d<\/p>\n<\/blockquote>\n<p>Hoje, o presidente do UFC Dana White anunciou que a organiza\u00e7\u00e3o n\u00e3o est\u00e1 desistindo da ideia de realizar uma luta entre Makhachev e Dariush, e o quarto n\u00famero na classifica\u00e7\u00e3o dos leves afirma que estar\u00e1 pronto para essa luta no ver\u00e3o.<\/p>\n<blockquote>\n<p>\u201cEu tamb\u00e9m quero muito ver essa luta.  Ent\u00e3o me animei com essa not\u00edcia.  Gra\u00e7as a Deus, nossa luta ser\u00e1 marcada novamente.  Ainda me sinto desconfort\u00e1vel diante do Isl\u00e3, e n\u00e3o fiquei feliz com essa situa\u00e7\u00e3o, mas o fato de a luta ser remarcada \u00e9 o ideal para mim.<\/p>\n<p>\u201cSe poss\u00edvel, gostaria de ter um campo de treinamento completo por dez semanas.  Mas se for mais curto, n\u00e3o tem problema.  Eu gostaria de lutar em junho ou julho \u2013 essas s\u00e3o as datas certas.\u201d<\/p>\n<\/blockquote>\n<p>Vale lembrar que uma luta entre Benil Dariush e Islam Makhachev deveria liderar o torneio UFC Fight Night 202 em Las Vegas no dia 26 de fevereiro, por\u00e9m, uma semana antes do evento, Dariush quebrou a f\u00edbula e foi substitu\u00eddo por Bobby Green, que perdeu para o russo por nocaute t\u00e9cnico no primeiro round.<\/p>\n<\/p><\/div>\n<p>    .<\/p>\n","protected":false},"excerpt":{"rendered":"<p>O top peso leve do UFC Benil Dariush, que desistiu de um duelo com Islam Makhachev devido a uma fratura na perna, falou sobre como est\u00e1 sua recupera\u00e7\u00e3o e quando planeja lutar contra o russo. &#8220;Agora estou fazendo fisioterapia &#8211; se tudo correr conforme o planejado, os m\u00e9dicos dizem que em seis a oito semanas [&hellip;]<\/p>\n","protected":false},"author":1,"featured_media":116505,"comment_status":"","ping_status":"open","sticky":false,"template":"","format":"standard","meta":{"footnotes":""},"categories":[1],"tags":[1574,137],"_links":{"self":[{"href":"https:\/\/wmmaa.org\/pt-pt\/wp-json\/wp\/v2\/posts\/116515"}],"collection":[{"href":"https:\/\/wmmaa.org\/pt-pt\/wp-json\/wp\/v2\/posts"}],"about":[{"href":"https:\/\/wmmaa.org\/pt-pt\/wp-json\/wp\/v2\/types\/post"}],"author":[{"embeddable":true,"href":"https:\/\/wmmaa.org\/pt-pt\/wp-json\/wp\/v2\/users\/1"}],"replies":[{"embeddable":true,"href":"https:\/\/wmmaa.org\/pt-pt\/wp-json\/wp\/v2\/comments?post=116515"}],"version-history":[{"count":0,"href":"https:\/\/wmmaa.org\/pt-pt\/wp-json\/wp\/v2\/posts\/116515\/revisions"}],"wp:featuredmedia":[{"embeddable":true,"href":"https:\/\/wmmaa.org\/pt-pt\/wp-json\/wp\/v2\/media\/116505"}],"wp:attachment":[{"href":"https:\/\/wmmaa.org\/pt-pt\/wp-json\/wp\/v2\/media?parent=116515"}],"wp:term":[{"taxonomy":"category","embeddable":true,"href":"https:\/\/wmmaa.org\/pt-pt\/wp-json\/wp\/v2\/categories?post=116515"},{"taxonomy":"post_tag","embeddable":true,"href":"https:\/\/wmmaa.org\/pt-pt\/wp-json\/wp\/v2\/tags?post=116515"}],"curies":[{"name":"wp","href":"https:\/\/api.w.org\/{rel}","templated":true}]}}