{"id":116190,"date":"2022-03-03T09:22:52","date_gmt":"2022-03-03T07:22:52","guid":{"rendered":"https:\/\/wmmaa.org\/presidente-do-ufc-reage-a-prisao-de-cain-velasquez\/"},"modified":"2022-03-03T09:22:52","modified_gmt":"2022-03-03T07:22:52","slug":"presidente-do-ufc-reage-a-prisao-de-cain-velasquez","status":"publish","type":"post","link":"https:\/\/wmmaa.org\/pt-pt\/presidente-do-ufc-reage-a-prisao-de-cain-velasquez\/","title":{"rendered":"Presidente do UFC reage \u00e0 pris\u00e3o de Cain Velasquez"},"content":{"rendered":"<div id=\"feat-img-reg\" class=\"relative\">\n<\/div>\n<div class=\"itemIntroText\">\n<p>O presidente do UFC, Dana White, comentou as informa\u00e7\u00f5es sobre a pris\u00e3o de Cain Velasquez, que enfrenta pris\u00e3o perp\u00e9tua pela tentativa de homic\u00eddio de um molestador de crian\u00e7as de sua fam\u00edlia.<\/p>\n<\/div>\n<div class=\"yandex_rtb_wrapper\">\n<div id=\"yandex_rtb_R-A-108029-34\"><\/div>\n<\/div>\n<div class=\"itemFullText\">\n<blockquote>\n<p>\u201cObviamente, sinto pena dele e de sua fam\u00edlia\u201d, disse o chefe da organiza\u00e7\u00e3o em entrevista ao Barstool Sports.  &#8220;\u00c9 horr\u00edvel.  N\u00e3o conhe\u00e7o os detalhes para falar sobre isso, mas pelo que ouvi, todos concordamos que far\u00edamos o mesmo se isso acontecesse conosco.  E Kane fez isso.&#8221;<\/p>\n<\/blockquote>\n<p>H\u00e1 tr\u00eas dias, o ex-campe\u00e3o peso-pesado do UFC Cain Velasquez foi preso por agredir um certo Harry Eugene Gularte, cujo carro ele atirou na estrada ap\u00f3s abalroar.<\/p>\n<p>Gularte, que \u00e9 dono de uma creche particular com a m\u00e3e, foi acusado na sexta-feira passada de \u201ccomportamento obsceno e depravado em rela\u00e7\u00e3o a uma crian\u00e7a menor de 14 anos\u201d, mas apesar das obje\u00e7\u00f5es do promotor, ele pagou fian\u00e7a e foi liberado.<\/p>\n<p>Tr\u00eas pessoas estavam no carro que Velasquez atirou, incluindo o padrasto de 63 anos, Gularte, que recebeu ferimentos sem risco de vida no bra\u00e7o e no tronco.  Ao mesmo tempo, o pr\u00f3prio Gularte e a segunda pessoa n\u00e3o ficaram feridos.<\/p>\n<\/p><\/div>\n<p>    .<\/p>\n","protected":false},"excerpt":{"rendered":"<p>O presidente do UFC, Dana White, comentou as informa\u00e7\u00f5es sobre a pris\u00e3o de Cain Velasquez, que enfrenta pris\u00e3o perp\u00e9tua pela tentativa de homic\u00eddio de um molestador de crian\u00e7as de sua fam\u00edlia. \u201cObviamente, sinto pena dele e de sua fam\u00edlia\u201d, disse o chefe da organiza\u00e7\u00e3o em entrevista ao Barstool Sports. &#8220;\u00c9 horr\u00edvel. N\u00e3o conhe\u00e7o os detalhes [&hellip;]<\/p>\n","protected":false},"author":1,"featured_media":116180,"comment_status":"","ping_status":"open","sticky":false,"template":"","format":"standard","meta":{"footnotes":""},"categories":[1],"tags":[1819,63],"_links":{"self":[{"href":"https:\/\/wmmaa.org\/pt-pt\/wp-json\/wp\/v2\/posts\/116190"}],"collection":[{"href":"https:\/\/wmmaa.org\/pt-pt\/wp-json\/wp\/v2\/posts"}],"about":[{"href":"https:\/\/wmmaa.org\/pt-pt\/wp-json\/wp\/v2\/types\/post"}],"author":[{"embeddable":true,"href":"https:\/\/wmmaa.org\/pt-pt\/wp-json\/wp\/v2\/users\/1"}],"replies":[{"embeddable":true,"href":"https:\/\/wmmaa.org\/pt-pt\/wp-json\/wp\/v2\/comments?post=116190"}],"version-history":[{"count":0,"href":"https:\/\/wmmaa.org\/pt-pt\/wp-json\/wp\/v2\/posts\/116190\/revisions"}],"wp:featuredmedia":[{"embeddable":true,"href":"https:\/\/wmmaa.org\/pt-pt\/wp-json\/wp\/v2\/media\/116180"}],"wp:attachment":[{"href":"https:\/\/wmmaa.org\/pt-pt\/wp-json\/wp\/v2\/media?parent=116190"}],"wp:term":[{"taxonomy":"category","embeddable":true,"href":"https:\/\/wmmaa.org\/pt-pt\/wp-json\/wp\/v2\/categories?post=116190"},{"taxonomy":"post_tag","embeddable":true,"href":"https:\/\/wmmaa.org\/pt-pt\/wp-json\/wp\/v2\/tags?post=116190"}],"curies":[{"name":"wp","href":"https:\/\/api.w.org\/{rel}","templated":true}]}}