{"id":115336,"date":"2022-03-01T19:32:30","date_gmt":"2022-03-01T17:32:30","guid":{"rendered":"https:\/\/wmmaa.org\/cain-velasquez-acusado-de-tentativa-de-homicidio\/"},"modified":"2022-03-01T19:32:30","modified_gmt":"2022-03-01T17:32:30","slug":"cain-velasquez-acusado-de-tentativa-de-homicidio","status":"publish","type":"post","link":"https:\/\/wmmaa.org\/pt-pt\/cain-velasquez-acusado-de-tentativa-de-homicidio\/","title":{"rendered":"Cain Velasquez acusado de tentativa de homic\u00eddio"},"content":{"rendered":"<div id=\"feat-img-reg\" class=\"relative\">\n<\/div>\n<div class=\"itemIntroText\">\n<p>O ex-campe\u00e3o peso-pesado do UFC Cain Velasquez foi preso por suspeita de tentativa de homic\u00eddio ap\u00f3s um tiroteio no qual uma pessoa ficou ferida.<\/p>\n<\/div>\n<div class=\"yandex_rtb_wrapper\">\n<div id=\"yandex_rtb_R-A-108029-34\"><\/div>\n<\/div>\n<div class=\"itemFullText\">\n<p>O Departamento de Pol\u00edcia de San Jose confirmou oficialmente a informa\u00e7\u00e3o de que o eminente lutador \u00e9 suspeito, no entanto, n\u00e3o especificou se ele foi acusado ou n\u00e3o.<\/p>\n<blockquote>\n<p>&#8220;Os motivos e as circunst\u00e2ncias do incidente est\u00e3o sendo investigados&#8221;, disse um porta-voz da pol\u00edcia.<\/p>\n<\/blockquote>\n<p>Cain Velasquez est\u00e1 atualmente na cadeia do condado de Santa Clara sem fian\u00e7a.  O lutador deve comparecer ao tribunal na quarta-feira \u00e0s 12:00, hor\u00e1rio local.<\/p>\n<p><img alt='d0b2d0b5d0bbd0b0d181d0bad0b5d181_d0b0d180d0b5d181d182' src='https:\/\/wmmaa.org\/wp-content\/uploads\/2022\/03\/D0B2D0B5D0BBD0B0D181D0BAD0B5D181_D0B0D180D0B5D181D182.jpg' alt=\"\"><\/p>\n<p>A pol\u00edcia disse que o homem ferido foi baleado pelo menos uma vez.  A v\u00edtima est\u00e1 atualmente no hospital e sua vida n\u00e3o est\u00e1 em perigo.<\/p>\n<p>Observe que Cain Velasquez, de 39 anos, treina na American Kickboxing Academy, localizada a quarenta quil\u00f4metros do local onde ocorreu o tiroteio.<\/p>\n<p>O ex-campe\u00e3o do UFC realizou sua \u00faltima luta em fevereiro de 2019, j\u00e1 aos 26 segundos da partida perdeu para Francis Ngannou por nocaute, ap\u00f3s o qual fez sua estreia no wrestling profissional.<\/p>\n<\/p><\/div>\n<p>    .<\/p>\n","protected":false},"excerpt":{"rendered":"<p>O ex-campe\u00e3o peso-pesado do UFC Cain Velasquez foi preso por suspeita de tentativa de homic\u00eddio ap\u00f3s um tiroteio no qual uma pessoa ficou ferida. O Departamento de Pol\u00edcia de San Jose confirmou oficialmente a informa\u00e7\u00e3o de que o eminente lutador \u00e9 suspeito, no entanto, n\u00e3o especificou se ele foi acusado ou n\u00e3o. &#8220;Os motivos e [&hellip;]<\/p>\n","protected":false},"author":1,"featured_media":115326,"comment_status":"","ping_status":"open","sticky":false,"template":"","format":"standard","meta":{"footnotes":""},"categories":[1],"tags":[1819],"_links":{"self":[{"href":"https:\/\/wmmaa.org\/pt-pt\/wp-json\/wp\/v2\/posts\/115336"}],"collection":[{"href":"https:\/\/wmmaa.org\/pt-pt\/wp-json\/wp\/v2\/posts"}],"about":[{"href":"https:\/\/wmmaa.org\/pt-pt\/wp-json\/wp\/v2\/types\/post"}],"author":[{"embeddable":true,"href":"https:\/\/wmmaa.org\/pt-pt\/wp-json\/wp\/v2\/users\/1"}],"replies":[{"embeddable":true,"href":"https:\/\/wmmaa.org\/pt-pt\/wp-json\/wp\/v2\/comments?post=115336"}],"version-history":[{"count":0,"href":"https:\/\/wmmaa.org\/pt-pt\/wp-json\/wp\/v2\/posts\/115336\/revisions"}],"wp:featuredmedia":[{"embeddable":true,"href":"https:\/\/wmmaa.org\/pt-pt\/wp-json\/wp\/v2\/media\/115326"}],"wp:attachment":[{"href":"https:\/\/wmmaa.org\/pt-pt\/wp-json\/wp\/v2\/media?parent=115336"}],"wp:term":[{"taxonomy":"category","embeddable":true,"href":"https:\/\/wmmaa.org\/pt-pt\/wp-json\/wp\/v2\/categories?post=115336"},{"taxonomy":"post_tag","embeddable":true,"href":"https:\/\/wmmaa.org\/pt-pt\/wp-json\/wp\/v2\/tags?post=115336"}],"curies":[{"name":"wp","href":"https:\/\/api.w.org\/{rel}","templated":true}]}}