{"id":110687,"date":"2022-02-19T11:40:24","date_gmt":"2022-02-19T09:40:24","guid":{"rendered":"https:\/\/wmmaa.org\/urijah-faber-preve-luta-entre-ian-e-sterling\/"},"modified":"2022-02-19T11:40:24","modified_gmt":"2022-02-19T09:40:24","slug":"urijah-faber-preve-luta-entre-ian-e-sterling","status":"publish","type":"post","link":"https:\/\/wmmaa.org\/pt-pt\/urijah-faber-preve-luta-entre-ian-e-sterling\/","title":{"rendered":"Urijah Faber prev\u00ea luta entre Ian e Sterling"},"content":{"rendered":"<div id=\"feat-img-reg\" class=\"relative\">\n<\/div>\n<div class=\"itemIntroText\">\n<p>O veterano do WEC e UFC Urijah Faber, que perdeu para Petr Yan por nocaute em 2019, considera o lutador russo o favorito indiscut\u00edvel na pr\u00f3xima revanche do t\u00edtulo com Aljamain Sterling.<\/p>\n<\/div>\n<div class=\"itemFullText\">\n<blockquote>\n<p>&#8220;A primeira luta deles mostrou que, como lutador, Ian \u00e9 melhor que Sterling e, para vencer, Aljo precisa fazer algo extraordin\u00e1rio&#8221;, disse Faber ao The Schmo.  \u201cIan foi melhor que ele em todos os sentidos e agora Aljo tem que oferecer a ele algo inesperado em termos de estilo para o qual Peter n\u00e3o estar\u00e1 pronto.  Fa\u00e7a algo incomum na postura, talvez marque alguns pontos por meio de quedas.  Mas no momento, Jan \u00e9 o favorito indiscut\u00edvel neste confronto.<\/p>\n<\/blockquote>\n<p>Vale lembrar que a luta de unifica\u00e7\u00e3o dos galos entre Aljamain Sterling e Petr Yan ser\u00e1 o segundo evento mais importante do torneio UFC 273, que ser\u00e1 realizado no dia 9 de abril em Jacksonville, Fl\u00f3rida, EUA.<\/p>\n<\/p><\/div>\n<p>    .<\/p>\n","protected":false},"excerpt":{"rendered":"<p>O veterano do WEC e UFC Urijah Faber, que perdeu para Petr Yan por nocaute em 2019, considera o lutador russo o favorito indiscut\u00edvel na pr\u00f3xima revanche do t\u00edtulo com Aljamain Sterling. &#8220;A primeira luta deles mostrou que, como lutador, Ian \u00e9 melhor que Sterling e, para vencer, Aljo precisa fazer algo extraordin\u00e1rio&#8221;, disse Faber [&hellip;]<\/p>\n","protected":false},"author":1,"featured_media":110673,"comment_status":"","ping_status":"open","sticky":false,"template":"","format":"standard","meta":{"footnotes":""},"categories":[1],"tags":[23,15,1909],"_links":{"self":[{"href":"https:\/\/wmmaa.org\/pt-pt\/wp-json\/wp\/v2\/posts\/110687"}],"collection":[{"href":"https:\/\/wmmaa.org\/pt-pt\/wp-json\/wp\/v2\/posts"}],"about":[{"href":"https:\/\/wmmaa.org\/pt-pt\/wp-json\/wp\/v2\/types\/post"}],"author":[{"embeddable":true,"href":"https:\/\/wmmaa.org\/pt-pt\/wp-json\/wp\/v2\/users\/1"}],"replies":[{"embeddable":true,"href":"https:\/\/wmmaa.org\/pt-pt\/wp-json\/wp\/v2\/comments?post=110687"}],"version-history":[{"count":0,"href":"https:\/\/wmmaa.org\/pt-pt\/wp-json\/wp\/v2\/posts\/110687\/revisions"}],"wp:featuredmedia":[{"embeddable":true,"href":"https:\/\/wmmaa.org\/pt-pt\/wp-json\/wp\/v2\/media\/110673"}],"wp:attachment":[{"href":"https:\/\/wmmaa.org\/pt-pt\/wp-json\/wp\/v2\/media?parent=110687"}],"wp:term":[{"taxonomy":"category","embeddable":true,"href":"https:\/\/wmmaa.org\/pt-pt\/wp-json\/wp\/v2\/categories?post=110687"},{"taxonomy":"post_tag","embeddable":true,"href":"https:\/\/wmmaa.org\/pt-pt\/wp-json\/wp\/v2\/tags?post=110687"}],"curies":[{"name":"wp","href":"https:\/\/api.w.org\/{rel}","templated":true}]}}