{"id":106410,"date":"2022-02-10T09:53:35","date_gmt":"2022-02-10T07:53:35","guid":{"rendered":"https:\/\/wmmaa.org\/israel-adesanya-reage-as-palavras-de-conor-mcgregor\/"},"modified":"2022-02-10T09:53:35","modified_gmt":"2022-02-10T07:53:35","slug":"israel-adesanya-reage-as-palavras-de-conor-mcgregor","status":"publish","type":"post","link":"https:\/\/wmmaa.org\/pt-pt\/israel-adesanya-reage-as-palavras-de-conor-mcgregor\/","title":{"rendered":"Israel Adesanya reage \u00e0s palavras de Conor McGregor"},"content":{"rendered":"<div id=\"feat-img-reg\" class=\"relative\">\n<\/div>\n<div class=\"itemIntroText\">\n<p>O atual campe\u00e3o peso m\u00e9dio do UFC, Israel Adesanya, comentou as palavras de Conor McGregor, que chamou o nigeriano de lutador de alto desempenho, e tamb\u00e9m previu sua vit\u00f3ria na pr\u00f3xima revanche com Robert Whittaker.<\/p>\n<\/div>\n<div class=\"itemFullText\">\n<blockquote>\n<p>\u201cO real reconhece o real\u201d, disse Adesanya, respondendo \u00e0s perguntas dos jornalistas em uma entrevista coletiva.  \u201cAcho que sou o segundo lutador mais bem pago da lista agora.  Conor \u00e9 um cara que admiro desde o in\u00edcio, desde sua primeira luta no UFC contra o Marcus Brimage.  E ele realmente atua.  Eu entendo o que ele quer dizer com isso.  Lembre-se da minha primeira luta com Whittaker &#8211; foi um verdadeiro show de rock.  Ent\u00e3o sim, Conor e eu entendemos o magnetismo da s\u00e9rie.  Ele definitivamente elevou a fasquia e vou fazer o mesmo antes de terminar este jogo.&#8221;<\/p>\n<\/blockquote>\n<p>Vale lembrar que a luta pelo cintur\u00e3o dos m\u00e9dios entre Israel Adesanya e Robert Whittaker em 12 de fevereiro ser\u00e1 a cabe\u00e7a do torneio UFC 271 em Houston.<\/p>\n<\/p><\/div>\n<p>    .<\/p>\n","protected":false},"excerpt":{"rendered":"<p>O atual campe\u00e3o peso m\u00e9dio do UFC, Israel Adesanya, comentou as palavras de Conor McGregor, que chamou o nigeriano de lutador de alto desempenho, e tamb\u00e9m previu sua vit\u00f3ria na pr\u00f3xima revanche com Robert Whittaker. \u201cO real reconhece o real\u201d, disse Adesanya, respondendo \u00e0s perguntas dos jornalistas em uma entrevista coletiva. \u201cAcho que sou o [&hellip;]<\/p>\n","protected":false},"author":1,"featured_media":106400,"comment_status":"","ping_status":"open","sticky":false,"template":"","format":"standard","meta":{"footnotes":""},"categories":[1],"tags":[33,19],"_links":{"self":[{"href":"https:\/\/wmmaa.org\/pt-pt\/wp-json\/wp\/v2\/posts\/106410"}],"collection":[{"href":"https:\/\/wmmaa.org\/pt-pt\/wp-json\/wp\/v2\/posts"}],"about":[{"href":"https:\/\/wmmaa.org\/pt-pt\/wp-json\/wp\/v2\/types\/post"}],"author":[{"embeddable":true,"href":"https:\/\/wmmaa.org\/pt-pt\/wp-json\/wp\/v2\/users\/1"}],"replies":[{"embeddable":true,"href":"https:\/\/wmmaa.org\/pt-pt\/wp-json\/wp\/v2\/comments?post=106410"}],"version-history":[{"count":0,"href":"https:\/\/wmmaa.org\/pt-pt\/wp-json\/wp\/v2\/posts\/106410\/revisions"}],"wp:featuredmedia":[{"embeddable":true,"href":"https:\/\/wmmaa.org\/pt-pt\/wp-json\/wp\/v2\/media\/106400"}],"wp:attachment":[{"href":"https:\/\/wmmaa.org\/pt-pt\/wp-json\/wp\/v2\/media?parent=106410"}],"wp:term":[{"taxonomy":"category","embeddable":true,"href":"https:\/\/wmmaa.org\/pt-pt\/wp-json\/wp\/v2\/categories?post=106410"},{"taxonomy":"post_tag","embeddable":true,"href":"https:\/\/wmmaa.org\/pt-pt\/wp-json\/wp\/v2\/tags?post=106410"}],"curies":[{"name":"wp","href":"https:\/\/api.w.org\/{rel}","templated":true}]}}