{"id":105705,"date":"2022-02-08T19:33:28","date_gmt":"2022-02-08T17:33:28","guid":{"rendered":"https:\/\/wmmaa.org\/fedor-emelianenko-listou-os-candidatos-para-a-luta-de-despedida\/"},"modified":"2022-02-08T19:33:28","modified_gmt":"2022-02-08T17:33:28","slug":"fedor-emelianenko-listou-os-candidatos-para-a-luta-de-despedida","status":"publish","type":"post","link":"https:\/\/wmmaa.org\/pt-pt\/fedor-emelianenko-listou-os-candidatos-para-a-luta-de-despedida\/","title":{"rendered":"Fedor Emelianenko listou os candidatos para a luta de despedida"},"content":{"rendered":"<div id=\"feat-img-reg\" class=\"relative\">\n<\/div>\n<div class=\"itemIntroText\">\n<p>O rival Fedor Emelianenko na luta de despedida pode ser o vencedor da disputa de cintur\u00e3o entre Ryan Bader e Cheick Kongo, ou um dos ex-campe\u00f5es dos pesos pesados \u200b\u200bdo UFC.<\/p>\n<\/div>\n<div class=\"itemFullText\">\n<blockquote>\n<p>\u201cEu me ofereci para lutar contra o vencedor da luta Bader-Congo\u201d, disse o lend\u00e1rio peso pesado em entrevista. <a rel=\"nofollow noopener\" target=\"_blank\" href=\"https:\/\/tass.ru\/interviews\/13632415\">TASS<\/a>.  \u201cMas h\u00e1 muitos \u201cmas\u201d.  Algu\u00e9m pode se machucar, algu\u00e9m pode ficar doente, e assim por diante.  Por um lado, o Bellator quer essa luta, mas cada um dos atletas pode colocar sua palavra.  Se machuque, fique doente ou pe\u00e7a condi\u00e7\u00f5es adicionais.  N\u00e3o \u00e9 a primeira vez que ou\u00e7o quando algu\u00e9m oferece uma luta contra mim, eles exigem algumas condi\u00e7\u00f5es adicionais.  Haver\u00e1 dois meses entre essas lutas.  Eu acho que est\u00e1 tudo bem.  Uma vez eu lutei no Grand Prix no Jap\u00e3o, havia menos de dois meses entre as lutas.<\/p>\n<p>\u201cDeixamos essa op\u00e7\u00e3o em considera\u00e7\u00e3o por enquanto, mas eles me oferecem para me apresentar com outra pessoa.  Que a luta n\u00e3o era um campeonato.  Talvez com algu\u00e9m que n\u00e3o seja dos lutadores do Bellator.  \u00c9 interessante para mim jogar contra o Fabricio Werdum, contra o Junior dos Santos.  Veremos o que o Bellator tem a oferecer.&#8221;<\/p>\n<\/blockquote>\n<p>De acordo com o plano da organiza\u00e7\u00e3o, Fedor Emelianenko deve liderar o pr\u00f3ximo evento russo da promo\u00e7\u00e3o, que acontecer\u00e1 neste ver\u00e3o em Moscou, e Ryan Bader e Cheick Kongo ser\u00e3o os headliners do torneio Bellator em Paris no dia 6 de maio.<\/p>\n<\/p><\/div>\n<p>    .<\/p>\n","protected":false},"excerpt":{"rendered":"<p>O rival Fedor Emelianenko na luta de despedida pode ser o vencedor da disputa de cintur\u00e3o entre Ryan Bader e Cheick Kongo, ou um dos ex-campe\u00f5es dos pesos pesados \u200b\u200bdo UFC. \u201cEu me ofereci para lutar contra o vencedor da luta Bader-Congo\u201d, disse o lend\u00e1rio peso pesado em entrevista. TASS. \u201cMas h\u00e1 muitos \u201cmas\u201d. Algu\u00e9m [&hellip;]<\/p>\n","protected":false},"author":1,"featured_media":105695,"comment_status":"","ping_status":"open","sticky":false,"template":"","format":"standard","meta":{"footnotes":""},"categories":[1],"tags":[259],"_links":{"self":[{"href":"https:\/\/wmmaa.org\/pt-pt\/wp-json\/wp\/v2\/posts\/105705"}],"collection":[{"href":"https:\/\/wmmaa.org\/pt-pt\/wp-json\/wp\/v2\/posts"}],"about":[{"href":"https:\/\/wmmaa.org\/pt-pt\/wp-json\/wp\/v2\/types\/post"}],"author":[{"embeddable":true,"href":"https:\/\/wmmaa.org\/pt-pt\/wp-json\/wp\/v2\/users\/1"}],"replies":[{"embeddable":true,"href":"https:\/\/wmmaa.org\/pt-pt\/wp-json\/wp\/v2\/comments?post=105705"}],"version-history":[{"count":0,"href":"https:\/\/wmmaa.org\/pt-pt\/wp-json\/wp\/v2\/posts\/105705\/revisions"}],"wp:featuredmedia":[{"embeddable":true,"href":"https:\/\/wmmaa.org\/pt-pt\/wp-json\/wp\/v2\/media\/105695"}],"wp:attachment":[{"href":"https:\/\/wmmaa.org\/pt-pt\/wp-json\/wp\/v2\/media?parent=105705"}],"wp:term":[{"taxonomy":"category","embeddable":true,"href":"https:\/\/wmmaa.org\/pt-pt\/wp-json\/wp\/v2\/categories?post=105705"},{"taxonomy":"post_tag","embeddable":true,"href":"https:\/\/wmmaa.org\/pt-pt\/wp-json\/wp\/v2\/tags?post=105705"}],"curies":[{"name":"wp","href":"https:\/\/api.w.org\/{rel}","templated":true}]}}