{"id":101972,"date":"2022-01-30T21:49:17","date_gmt":"2022-01-30T19:49:17","guid":{"rendered":"https:\/\/wmmaa.org\/vadim-nemkov-reagiu-a-derrota-de-valentin-moldavsky\/"},"modified":"2022-01-30T21:49:17","modified_gmt":"2022-01-30T19:49:17","slug":"vadim-nemkov-reagiu-a-derrota-de-valentin-moldavsky","status":"publish","type":"post","link":"https:\/\/wmmaa.org\/pt-pt\/vadim-nemkov-reagiu-a-derrota-de-valentin-moldavsky\/","title":{"rendered":"Vadim Nemkov reagiu \u00e0 derrota de Valentin Moldavsky"},"content":{"rendered":"<div id=\"feat-img-reg\" class=\"relative\">\n<\/div>\n<div class=\"itemIntroText\">\n<p>O atual campe\u00e3o meio-pesado do Bellator, Vadim Nemkov, comentou sobre a perda de seu companheiro de equipe Valentin Moldavsky, que perdeu na decis\u00e3o un\u00e2nime para Ryan Bader, que det\u00e9m o t\u00edtulo de peso pesado do Bellator, em uma luta de unifica\u00e7\u00e3o.<\/p>\n<\/div>\n<div class=\"itemFullText\">\n<blockquote>\n<p>\u201cAcredito que esta \u00e9 uma decis\u00e3o injusta\u201d, disse Nemkov em entrevista ao canal <a rel=\"nofollow noopener\" target=\"_blank\" href=\"https:\/\/www.youtube.com\/watch?v=J_UxqGam6wU\">&#8220;Ushatayka&#8221;<\/a>.  \u201cAcho que 3-2 nos rounds Valentin levou a luta.  Provavelmente pelo fato de Bader ter acertado bem no primeiro round, e no final ter acertado, os ju\u00edzes lhe deram a luta.  Al\u00e9m disso, eles lutaram na casa de Bader, ele mora neste estado, e a arbitragem em casa n\u00e3o \u00e9 especula\u00e7\u00e3o.  Quando lutadores de outros pa\u00edses v\u00eam at\u00e9 n\u00f3s, raramente d\u00e3o vit\u00f3ria a estrangeiros em batalhas iguais.  E assim aconteceu aqui&#8221;<\/p>\n<\/blockquote>\n<p>Ao mesmo tempo, Nemkov, que j\u00e1 tirou o cintur\u00e3o da categoria meio-pesado de Bader, afirma que n\u00e3o pretende se vingar do americano por seu companheiro de equipe.<\/p>\n<blockquote>\n<p>\u201cN\u00e3o havia tais pensamentos.  Tenho a final do Grande Pr\u00eamio com Corey Anderson \u00e0 minha frente &#8211; s\u00f3 penso nisso. \u201d<\/p>\n<\/blockquote><\/div>\n<p>    .<\/p>\n","protected":false},"excerpt":{"rendered":"<p>O atual campe\u00e3o meio-pesado do Bellator, Vadim Nemkov, comentou sobre a perda de seu companheiro de equipe Valentin Moldavsky, que perdeu na decis\u00e3o un\u00e2nime para Ryan Bader, que det\u00e9m o t\u00edtulo de peso pesado do Bellator, em uma luta de unifica\u00e7\u00e3o. \u201cAcredito que esta \u00e9 uma decis\u00e3o injusta\u201d, disse Nemkov em entrevista ao canal &#8220;Ushatayka&#8221;. [&hellip;]<\/p>\n","protected":false},"author":1,"featured_media":101962,"comment_status":"","ping_status":"open","sticky":false,"template":"","format":"standard","meta":{"footnotes":""},"categories":[1],"tags":[273,270,442],"_links":{"self":[{"href":"https:\/\/wmmaa.org\/pt-pt\/wp-json\/wp\/v2\/posts\/101972"}],"collection":[{"href":"https:\/\/wmmaa.org\/pt-pt\/wp-json\/wp\/v2\/posts"}],"about":[{"href":"https:\/\/wmmaa.org\/pt-pt\/wp-json\/wp\/v2\/types\/post"}],"author":[{"embeddable":true,"href":"https:\/\/wmmaa.org\/pt-pt\/wp-json\/wp\/v2\/users\/1"}],"replies":[{"embeddable":true,"href":"https:\/\/wmmaa.org\/pt-pt\/wp-json\/wp\/v2\/comments?post=101972"}],"version-history":[{"count":0,"href":"https:\/\/wmmaa.org\/pt-pt\/wp-json\/wp\/v2\/posts\/101972\/revisions"}],"wp:featuredmedia":[{"embeddable":true,"href":"https:\/\/wmmaa.org\/pt-pt\/wp-json\/wp\/v2\/media\/101962"}],"wp:attachment":[{"href":"https:\/\/wmmaa.org\/pt-pt\/wp-json\/wp\/v2\/media?parent=101972"}],"wp:term":[{"taxonomy":"category","embeddable":true,"href":"https:\/\/wmmaa.org\/pt-pt\/wp-json\/wp\/v2\/categories?post=101972"},{"taxonomy":"post_tag","embeddable":true,"href":"https:\/\/wmmaa.org\/pt-pt\/wp-json\/wp\/v2\/tags?post=101972"}],"curies":[{"name":"wp","href":"https:\/\/api.w.org\/{rel}","templated":true}]}}