{"id":426206,"date":"2024-03-03T21:22:12","date_gmt":"2024-03-03T19:22:12","guid":{"rendered":"https:\/\/wmmaa.org\/shamil-gaziev-hizo-una-declaracion-tras-su-temprana-derrota-en-la-ufc\/"},"modified":"2024-03-03T21:22:12","modified_gmt":"2024-03-03T19:22:12","slug":"shamil-gaziev-hizo-una-declaracion-tras-su-temprana-derrota-en-la-ufc","status":"publish","type":"post","link":"https:\/\/wmmaa.org\/es\/shamil-gaziev-hizo-una-declaracion-tras-su-temprana-derrota-en-la-ufc\/","title":{"rendered":"Shamil Gaziev hizo una declaraci\u00f3n tras su temprana derrota en la UFC"},"content":{"rendered":"<div id=\"feat-img-reg\" class=\"relative\">\n <img decoding=\"async\" src=\"https:\/\/wmmaa.org\/wp-content\/uploads\/2024\/03\/Shamil-Gaziev-made-a-statement-following-his-early-defeat-in.jpg\" alt=\"Shamil Gaziev hizo una declaraci\u00f3n tras su temprana derrota en la UFC\"><\/div>\n<div class=\"itemIntroText\">\n<p>El bahrein\u00ed Shamil Gaziev, que sufri\u00f3 la primera derrota de su carrera contra el surinam\u00e9s Jairzinho Rosenstrike en el UFC Fight Night 238 de Las Vegas, explic\u00f3 por qu\u00e9 no pudo llegar al quinto asalto final.<\/p>\n<\/p>\n<\/div>\n<div class=\"itemFullText\">\n<blockquote>\n<p>\u00abEn primer lugar, felicitaciones a Jairzinho Rosenstrike &#8211; hizo un buen trabajo hoy\u00bb, escribi\u00f3 el peso pesado en las redes sociales. \u00abSufr\u00ed una lesi\u00f3n en el ojo y la nariz en el segundo asalto y no pude seguir el plan de combate\u00bb.<\/p>\n<p>\u00abSi alguien piensa que esto me va a destrozar, le decepcionar\u00e9. Voy a volver pronto al gimnasio y prometo a mis fans que voy a mejorar.\u00bb<\/p>\n<\/blockquote>\n<p>Shamil Gaziev, de 34 a\u00f1os, debut\u00f3 con \u00e9xito bajo el estandarte de la liga m\u00e1s fuerte del mundo el pasado diciembre, acabando con Martin Budaj por nocaut t\u00e9cnico en el segundo asalto, y podr\u00eda situarse entre los 15 primeros de la divisi\u00f3n de peso pesado de la UFC si vence a Jairzinho Rosenstrike.<\/p>\n<\/p>\n<\/div>\n<p class=\"source-link\">Fuente: https:\/\/fighttime.ru\/news\/item\/34076-shamil-gaziev-sdelal-zayavlenie-posle-dosrochnogo-porazheniya-v-ufc.html?rand=19907<\/p>\n","protected":false},"excerpt":{"rendered":"<p>El bahrein\u00ed Shamil Gaziev, que sufri\u00f3 la primera derrota de su carrera contra el surinam\u00e9s Jairzinho Rosenstrike en el UFC Fight Night 238 de Las Vegas, explic\u00f3 por qu\u00e9 no pudo llegar al quinto asalto final. \u00abEn primer lugar, felicitaciones a Jairzinho Rosenstrike &#8211; hizo un buen trabajo hoy\u00bb, escribi\u00f3 el peso pesado en las [&hellip;]<\/p>\n","protected":false},"author":1,"featured_media":426197,"comment_status":"","ping_status":"open","sticky":false,"template":"","format":"standard","meta":{"footnotes":""},"categories":[1171],"tags":[5055,5054,5003],"_links":{"self":[{"href":"https:\/\/wmmaa.org\/es\/wp-json\/wp\/v2\/posts\/426206"}],"collection":[{"href":"https:\/\/wmmaa.org\/es\/wp-json\/wp\/v2\/posts"}],"about":[{"href":"https:\/\/wmmaa.org\/es\/wp-json\/wp\/v2\/types\/post"}],"author":[{"embeddable":true,"href":"https:\/\/wmmaa.org\/es\/wp-json\/wp\/v2\/users\/1"}],"replies":[{"embeddable":true,"href":"https:\/\/wmmaa.org\/es\/wp-json\/wp\/v2\/comments?post=426206"}],"version-history":[{"count":0,"href":"https:\/\/wmmaa.org\/es\/wp-json\/wp\/v2\/posts\/426206\/revisions"}],"wp:featuredmedia":[{"embeddable":true,"href":"https:\/\/wmmaa.org\/es\/wp-json\/wp\/v2\/media\/426197"}],"wp:attachment":[{"href":"https:\/\/wmmaa.org\/es\/wp-json\/wp\/v2\/media?parent=426206"}],"wp:term":[{"taxonomy":"category","embeddable":true,"href":"https:\/\/wmmaa.org\/es\/wp-json\/wp\/v2\/categories?post=426206"},{"taxonomy":"post_tag","embeddable":true,"href":"https:\/\/wmmaa.org\/es\/wp-json\/wp\/v2\/tags?post=426206"}],"curies":[{"name":"wp","href":"https:\/\/api.w.org\/{rel}","templated":true}]}}