{"id":426033,"date":"2024-03-02T19:14:00","date_gmt":"2024-03-02T17:14:00","guid":{"rendered":"https:\/\/wmmaa.org\/shamil-gaziev-promete-ser-una-pesadilla-para-los-pesos-pesados-de-la-ufc\/"},"modified":"2024-03-02T19:14:00","modified_gmt":"2024-03-02T17:14:00","slug":"shamil-gaziev-promete-ser-una-pesadilla-para-los-pesos-pesados-de-la-ufc","status":"publish","type":"post","link":"https:\/\/wmmaa.org\/es\/shamil-gaziev-promete-ser-una-pesadilla-para-los-pesos-pesados-de-la-ufc\/","title":{"rendered":"Shamil Gaziev promete ser una pesadilla para los pesos pesados de la UFC"},"content":{"rendered":"<div id=\"feat-img-reg\" class=\"relative\">\n <img decoding=\"async\" src=\"https:\/\/wmmaa.org\/wp-content\/uploads\/2024\/03\/Shamil-Gaziev-promises-to-be-a-nightmare-for-the-UFC.jpg\" alt=\"Shamil Gaziev promete ser una pesadilla para la divisi\u00f3n de los pesos pesados de la UFC\"><\/div>\n<div class=\"itemIntroText\">\n<p>Shamil Gaziev, nacido en Daguest\u00e1n y que compite por Bahr\u00e9in en la UFC, no est\u00e1 preocupado lo m\u00e1s m\u00ednimo por el hecho de que en su segundo combate bajo la bandera de la liga m\u00e1s fuerte del mundo se enfrentar\u00e1 a uno de los mejores luchadores de la divisi\u00f3n, el artista del nocaut surinam\u00e9s Jairzinho Rosenstrike.<\/p>\n<\/p>\n<\/div>\n<div class=\"itemFullText\">\n<blockquote>\n<p>\u00abEn primer lugar, estoy seguro de que si gano esta pelea, me incluir\u00e1n entre los 15 primeros de la clasificaci\u00f3n de pesos pesados\u00bb, dijo Gaziev en una entrevista previa al combate. \u00abAs\u00ed que esta pelea es otro paso adelante en la clasificaci\u00f3n, y voy a ser una pesadilla para toda la divisi\u00f3n de los pesos pesados\u00bb.<\/p>\n<\/blockquote>\n<p>El invicto peso pesado tambi\u00e9n dej\u00f3 claro que no le averg\u00fcenza su condici\u00f3n de cabeza de cartel del evento.<\/p>\n<blockquote>\n<p>\u00abYo no soy el que toma las decisiones aqu\u00ed, pero si me preguntan, claro: quiero pelear por el t\u00edtulo lo antes posible, y las grandes peleas me llevar\u00e1n al oro de UFC\u00bb.<\/p>\n<\/blockquote>\n<p>Recordemos que la pelea entre Shamil Gaziev y Jairzinho Rosenstrike ser\u00e1 el evento principal de UFC Fight Night 238, que comienza en unas horas en Las Vegas.<\/p>\n<\/p>\n<\/div>\n<p class=\"source-link\">Fuente: https:\/\/fighttime.ru\/news\/item\/34067-shamil-gaziev-obeshchaet-stat-koshmarom-tyazhelogo-diviziona-ufc.html?rand=19907<\/p>\n","protected":false},"excerpt":{"rendered":"<p>Shamil Gaziev, nacido en Daguest\u00e1n y que compite por Bahr\u00e9in en la UFC, no est\u00e1 preocupado lo m\u00e1s m\u00ednimo por el hecho de que en su segundo combate bajo la bandera de la liga m\u00e1s fuerte del mundo se enfrentar\u00e1 a uno de los mejores luchadores de la divisi\u00f3n, el artista del nocaut surinam\u00e9s Jairzinho [&hellip;]<\/p>\n","protected":false},"author":1,"featured_media":426017,"comment_status":"","ping_status":"open","sticky":false,"template":"","format":"standard","meta":{"footnotes":""},"categories":[1171],"tags":[5054],"_links":{"self":[{"href":"https:\/\/wmmaa.org\/es\/wp-json\/wp\/v2\/posts\/426033"}],"collection":[{"href":"https:\/\/wmmaa.org\/es\/wp-json\/wp\/v2\/posts"}],"about":[{"href":"https:\/\/wmmaa.org\/es\/wp-json\/wp\/v2\/types\/post"}],"author":[{"embeddable":true,"href":"https:\/\/wmmaa.org\/es\/wp-json\/wp\/v2\/users\/1"}],"replies":[{"embeddable":true,"href":"https:\/\/wmmaa.org\/es\/wp-json\/wp\/v2\/comments?post=426033"}],"version-history":[{"count":0,"href":"https:\/\/wmmaa.org\/es\/wp-json\/wp\/v2\/posts\/426033\/revisions"}],"wp:featuredmedia":[{"embeddable":true,"href":"https:\/\/wmmaa.org\/es\/wp-json\/wp\/v2\/media\/426017"}],"wp:attachment":[{"href":"https:\/\/wmmaa.org\/es\/wp-json\/wp\/v2\/media?parent=426033"}],"wp:term":[{"taxonomy":"category","embeddable":true,"href":"https:\/\/wmmaa.org\/es\/wp-json\/wp\/v2\/categories?post=426033"},{"taxonomy":"post_tag","embeddable":true,"href":"https:\/\/wmmaa.org\/es\/wp-json\/wp\/v2\/tags?post=426033"}],"curies":[{"name":"wp","href":"https:\/\/api.w.org\/{rel}","templated":true}]}}