{"id":425341,"date":"2024-02-27T09:42:00","date_gmt":"2024-02-27T07:42:00","guid":{"rendered":"https:\/\/wmmaa.org\/?p=425341"},"modified":"2024-02-27T09:42:00","modified_gmt":"2024-02-27T07:42:00","slug":"nate-diaz-ya-tiene-fecha-para-su-regreso-a-la-ufc","status":"publish","type":"post","link":"https:\/\/wmmaa.org\/es\/nate-diaz-ya-tiene-fecha-para-su-regreso-a-la-ufc\/","title":{"rendered":"Nate Diaz ya tiene fecha para su regreso a la UFC"},"content":{"rendered":"<div id=\"feat-img-reg\" class=\"relative\">\n <img decoding=\"async\" src=\"https:\/\/wmmaa.org\/wp-content\/uploads\/2024\/02\/Nate-Diaz-has-named-a-date-for-his-return-to.jpg\" alt=\"Nate Diaz ha dado una fecha para su regreso a la UFC\"><\/div>\n<div class=\"itemIntroText\">\n<p>El popular luchador estadounidense Nate Diaz tiene previsto competir en el UFC 306, que se celebrar\u00e1 el 14 de septiembre en el Sphere Arena de Las Vegas.<\/p>\n<\/p>\n<\/div>\n<div class=\"itemFullText\">\n<p>El ex aspirante al cintur\u00f3n de campe\u00f3n del peso ligero de la UFC lo anunci\u00f3 en la red social, publicando una foto de la arena.<\/p>\n<blockquote>\n<p>\u00ab\u00a1Pelear\u00e9 aqu\u00ed! H**** UFC 300\u00bb, escribi\u00f3 D\u00edaz.<\/p>\n<\/blockquote>\n<p><img decoding=\"async\" src=\"https:\/\/wmmaa.org\/wp-content\/uploads\/2024\/02\/1709019420_476_Nate-Diaz-has-named-a-date-for-his-return-to.jpg\" alt=\"\"><\/p>\n<p>El evento numerado, que fue anunciado oficialmente por la c\u00fapula de la organizaci\u00f3n el pasado fin de semana, se llevar\u00e1 a cabo el D\u00eda de la Independencia de M\u00e9xico y promete ser uno de los espect\u00e1culos m\u00e1s grandes en la historia de la liga m\u00e1s fuerte del mundo.<\/p>\n<p>Nate D\u00edaz, de 38 a\u00f1os, se retir\u00f3 de la UFC tras una temprana victoria sobre Tony Ferguson, al que acab\u00f3 con un estrangulamiento por guillotina en el cuarto asalto en septiembre de 2022, y el pasado agosto el estadounidense debut\u00f3 sin \u00e9xito en el boxeo profesional, perdiendo por decisi\u00f3n un\u00e1nime en diez asaltos ante el bloguero Jake Paul.<\/p>\n<\/p>\n<\/div>\n<p class=\"source-link\">Fuente: https:\/\/fighttime.ru\/news\/item\/34031-nejt-dias-nazval-datu-vozvrashcheniya-v-ufc.html?rand=19907<\/p>\n","protected":false},"excerpt":{"rendered":"<p>El popular luchador estadounidense Nate Diaz tiene previsto competir en el UFC 306, que se celebrar\u00e1 el 14 de septiembre en el Sphere Arena de Las Vegas. El ex aspirante al cintur\u00f3n de campe\u00f3n del peso ligero de la UFC lo anunci\u00f3 en la red social, publicando una foto de la arena. \u00ab\u00a1Pelear\u00e9 aqu\u00ed! H**** [&hellip;]<\/p>\n","protected":false},"author":1,"featured_media":425331,"comment_status":"closed","ping_status":"open","sticky":false,"template":"","format":"standard","meta":{"footnotes":""},"categories":[1171],"tags":[139,5141],"_links":{"self":[{"href":"https:\/\/wmmaa.org\/es\/wp-json\/wp\/v2\/posts\/425341"}],"collection":[{"href":"https:\/\/wmmaa.org\/es\/wp-json\/wp\/v2\/posts"}],"about":[{"href":"https:\/\/wmmaa.org\/es\/wp-json\/wp\/v2\/types\/post"}],"author":[{"embeddable":true,"href":"https:\/\/wmmaa.org\/es\/wp-json\/wp\/v2\/users\/1"}],"replies":[{"embeddable":true,"href":"https:\/\/wmmaa.org\/es\/wp-json\/wp\/v2\/comments?post=425341"}],"version-history":[{"count":0,"href":"https:\/\/wmmaa.org\/es\/wp-json\/wp\/v2\/posts\/425341\/revisions"}],"wp:featuredmedia":[{"embeddable":true,"href":"https:\/\/wmmaa.org\/es\/wp-json\/wp\/v2\/media\/425331"}],"wp:attachment":[{"href":"https:\/\/wmmaa.org\/es\/wp-json\/wp\/v2\/media?parent=425341"}],"wp:term":[{"taxonomy":"category","embeddable":true,"href":"https:\/\/wmmaa.org\/es\/wp-json\/wp\/v2\/categories?post=425341"},{"taxonomy":"post_tag","embeddable":true,"href":"https:\/\/wmmaa.org\/es\/wp-json\/wp\/v2\/tags?post=425341"}],"curies":[{"name":"wp","href":"https:\/\/api.w.org\/{rel}","templated":true}]}}