{"id":424593,"date":"2024-02-22T18:57:31","date_gmt":"2024-02-22T16:57:31","guid":{"rendered":"https:\/\/wmmaa.org\/alex-pereira-ha-firmado-un-nuevo-contrato-con-la-ufc\/"},"modified":"2024-02-22T18:57:31","modified_gmt":"2024-02-22T16:57:31","slug":"alex-pereira-ha-firmado-un-nuevo-contrato-con-la-ufc","status":"publish","type":"post","link":"https:\/\/wmmaa.org\/es\/alex-pereira-ha-firmado-un-nuevo-contrato-con-la-ufc\/","title":{"rendered":"Alex Pereira ha firmado un nuevo contrato con la UFC"},"content":{"rendered":"<div id=\"feat-img-reg\" class=\"relative\">\n <img decoding=\"async\" src=\"https:\/\/wmmaa.org\/wp-content\/uploads\/2024\/02\/Alex-Pereira-has-signed-a-new-contract-with-the-UFC.jpg\" alt=\"Alex Pereira ha firmado un nuevo contrato con la UFC\"><\/div>\n<div class=\"itemIntroText\">\n<p>El actual campe\u00f3n de peso gallo de la UFC, Alex Pereira, que fue nombrado oficialmente cabeza de cartel del evento del 300 aniversario de la UFC el pasado fin de semana, firm\u00f3 un nuevo contrato a largo plazo con la organizaci\u00f3n un d\u00eda antes del anuncio.<\/p>\n<\/p>\n<\/div>\n<div class=\"itemFullText\">\n<blockquote>\n<p>\u00abEl viernes firm\u00e9 un nuevo contrato de ocho peleas con la UFC\u00bb, dijo el brasile\u00f1o a la edici\u00f3n regular del programa The MMA Hour. \u00abTengo una relaci\u00f3n realmente buena con la UFC y estoy muy agradecido a la organizaci\u00f3n y a su equipo directivo. Hacen grandes cosas y creo que aprecian qui\u00e9n soy porque soy tranquilo, centrado y productivo.\u00bb<\/p>\n<p>\u00abCuando llegu\u00e9 a la UFC, me dieron un contrato de tres peleas, despu\u00e9s de mi pelea de debut lo ampliaron a ocho peleas, y despu\u00e9s de la pelea con Strickland lo ampliaron de nuevo a ocho peleas. Ahora me han vuelto a dar ocho combates en mejores condiciones. Por supuesto, yo tambi\u00e9n tengo mucho que ofrecer y est\u00e1n contentos con ello. Me tratan muy bien y no tengo nada de qu\u00e9 quejarme. Tenemos una relaci\u00f3n perfecta\u00bb.<\/p>\n<\/blockquote>\n<p>Como recordatorio, el 13 de abril en UFC 300 en Las Vegas, Alex Pereira har\u00e1 su defensa del t\u00edtulo contra el ex campe\u00f3n de la divisi\u00f3n, Jamal Hill, que se vio obligado a dejar vacante el cintur\u00f3n el verano pasado debido a una lesi\u00f3n.<\/p>\n<\/p>\n<\/div>\n<p class=\"source-link\">Fuente: https:\/\/fighttime.ru\/news\/item\/33992-aleks-perejra-podpisal-novyj-kontrakt-s-ufc.html?rand=19907<\/p>\n","protected":false},"excerpt":{"rendered":"<p>El actual campe\u00f3n de peso gallo de la UFC, Alex Pereira, que fue nombrado oficialmente cabeza de cartel del evento del 300 aniversario de la UFC el pasado fin de semana, firm\u00f3 un nuevo contrato a largo plazo con la organizaci\u00f3n un d\u00eda antes del anuncio. \u00abEl viernes firm\u00e9 un nuevo contrato de ocho peleas [&hellip;]<\/p>\n","protected":false},"author":1,"featured_media":424582,"comment_status":"","ping_status":"open","sticky":false,"template":"","format":"standard","meta":{"footnotes":""},"categories":[1171],"tags":[236,976,4808],"_links":{"self":[{"href":"https:\/\/wmmaa.org\/es\/wp-json\/wp\/v2\/posts\/424593"}],"collection":[{"href":"https:\/\/wmmaa.org\/es\/wp-json\/wp\/v2\/posts"}],"about":[{"href":"https:\/\/wmmaa.org\/es\/wp-json\/wp\/v2\/types\/post"}],"author":[{"embeddable":true,"href":"https:\/\/wmmaa.org\/es\/wp-json\/wp\/v2\/users\/1"}],"replies":[{"embeddable":true,"href":"https:\/\/wmmaa.org\/es\/wp-json\/wp\/v2\/comments?post=424593"}],"version-history":[{"count":0,"href":"https:\/\/wmmaa.org\/es\/wp-json\/wp\/v2\/posts\/424593\/revisions"}],"wp:featuredmedia":[{"embeddable":true,"href":"https:\/\/wmmaa.org\/es\/wp-json\/wp\/v2\/media\/424582"}],"wp:attachment":[{"href":"https:\/\/wmmaa.org\/es\/wp-json\/wp\/v2\/media?parent=424593"}],"wp:term":[{"taxonomy":"category","embeddable":true,"href":"https:\/\/wmmaa.org\/es\/wp-json\/wp\/v2\/categories?post=424593"},{"taxonomy":"post_tag","embeddable":true,"href":"https:\/\/wmmaa.org\/es\/wp-json\/wp\/v2\/tags?post=424593"}],"curies":[{"name":"wp","href":"https:\/\/api.w.org\/{rel}","templated":true}]}}