{"id":423372,"date":"2024-02-15T08:40:59","date_gmt":"2024-02-15T06:40:59","guid":{"rendered":"https:\/\/wmmaa.org\/henry-sehudo-podria-poner-fin-a-su-carrera-tras-su-combate-con-merab-dvalishvili\/"},"modified":"2024-02-15T08:40:59","modified_gmt":"2024-02-15T06:40:59","slug":"henry-sehudo-podria-poner-fin-a-su-carrera-tras-su-combate-con-merab-dvalishvili","status":"publish","type":"post","link":"https:\/\/wmmaa.org\/es\/henry-sehudo-podria-poner-fin-a-su-carrera-tras-su-combate-con-merab-dvalishvili\/","title":{"rendered":"Henry Sehudo podr\u00eda poner fin a su carrera tras su combate con Merab Dvalishvili"},"content":{"rendered":"<div id=\"feat-img-reg\" class=\"relative\">\n <img decoding=\"async\" src=\"https:\/\/wmmaa.org\/wp-content\/uploads\/2024\/02\/Henry-Sehudo-may-end-his-career-after-his-fight-with.jpg\" alt=\"Henry Sehudo podr\u00eda poner fin a su carrera tras su pelea con Merab Dvalishvili\"><\/div>\n<div class=\"itemIntroText\">\n<p>Si Henry Cejudo cae derrotado este fin de semana ante Merab Dvalishvili, el ex campe\u00f3n del peso gallo de la UFC pondr\u00e1 fin a su carrera profesional.<\/p>\n<\/p>\n<\/div>\n<div class=\"itemFullText\">\n<blockquote>\n<p>\u00abAqu\u00ed es todo o nada\u00bb, dijo el \u00abCampe\u00f3n de la Triple Corona\u00bb mientras hablaba con los periodistas en Anaheim. \u00abYa se lo he dicho al equipo: o gano o ya no lo tengo y entonces me voy. Estoy acabado. Me tomo este deporte muy en serio, as\u00ed que hay cierta presi\u00f3n. He hecho todo lo que hab\u00eda que hacer. \u00bfQu\u00e9 m\u00e1s tengo que demostrar? Ahora mismo mi motivaci\u00f3n se diluye con un poco de rabia y estoy un poco enfadado conmigo mismo, pero sigo motivado.\u00bb<\/p>\n<p>\u00abS\u00ed, si pierdo, me retiro al cien por cien. No voy a seguir luchando s\u00f3lo por el proceso en s\u00ed. Soy demasiado competitivo para eso. Quiero ser el mejor del mundo. Quiero ese cintur\u00f3n, y otro, en el peso pluma. Si no puedo conseguir eso, entonces no necesito nada m\u00e1s\u00bb.<\/p>\n<\/blockquote>\n<p>A modo de recordatorio, el 17 de febrero tendr\u00e1 lugar en el UFC 298 de Anaheim un posible combate entre Henry Cejudo y Merab Dvalishvili por el cintur\u00f3n del peso pluma.<\/p>\n<\/p>\n<\/div>\n<p class=\"source-link\">Fuente: https:\/\/fighttime.ru\/news\/item\/33920-genri-sekhudo-mozhet-zavershit-kareru-posle-boya-s-merabom-dvalishvili.html?rand=19907<\/p>\n","protected":false},"excerpt":{"rendered":"<p>Si Henry Cejudo cae derrotado este fin de semana ante Merab Dvalishvili, el ex campe\u00f3n del peso gallo de la UFC pondr\u00e1 fin a su carrera profesional. \u00abAqu\u00ed es todo o nada\u00bb, dijo el \u00abCampe\u00f3n de la Triple Corona\u00bb mientras hablaba con los periodistas en Anaheim. \u00abYa se lo he dicho al equipo: o gano [&hellip;]<\/p>\n","protected":false},"author":1,"featured_media":423363,"comment_status":"","ping_status":"open","sticky":false,"template":"","format":"standard","meta":{"footnotes":""},"categories":[1171],"tags":[14,552],"_links":{"self":[{"href":"https:\/\/wmmaa.org\/es\/wp-json\/wp\/v2\/posts\/423372"}],"collection":[{"href":"https:\/\/wmmaa.org\/es\/wp-json\/wp\/v2\/posts"}],"about":[{"href":"https:\/\/wmmaa.org\/es\/wp-json\/wp\/v2\/types\/post"}],"author":[{"embeddable":true,"href":"https:\/\/wmmaa.org\/es\/wp-json\/wp\/v2\/users\/1"}],"replies":[{"embeddable":true,"href":"https:\/\/wmmaa.org\/es\/wp-json\/wp\/v2\/comments?post=423372"}],"version-history":[{"count":0,"href":"https:\/\/wmmaa.org\/es\/wp-json\/wp\/v2\/posts\/423372\/revisions"}],"wp:featuredmedia":[{"embeddable":true,"href":"https:\/\/wmmaa.org\/es\/wp-json\/wp\/v2\/media\/423363"}],"wp:attachment":[{"href":"https:\/\/wmmaa.org\/es\/wp-json\/wp\/v2\/media?parent=423372"}],"wp:term":[{"taxonomy":"category","embeddable":true,"href":"https:\/\/wmmaa.org\/es\/wp-json\/wp\/v2\/categories?post=423372"},{"taxonomy":"post_tag","embeddable":true,"href":"https:\/\/wmmaa.org\/es\/wp-json\/wp\/v2\/tags?post=423372"}],"curies":[{"name":"wp","href":"https:\/\/api.w.org\/{rel}","templated":true}]}}