{"id":423230,"date":"2024-02-14T09:41:18","date_gmt":"2024-02-14T07:41:18","guid":{"rendered":"https:\/\/wmmaa.org\/el-olvidado-belal-muhammad-ha-recordado-a-la-ufc\/"},"modified":"2024-02-14T09:41:18","modified_gmt":"2024-02-14T07:41:18","slug":"el-olvidado-belal-muhammad-ha-recordado-a-la-ufc","status":"publish","type":"post","link":"https:\/\/wmmaa.org\/es\/el-olvidado-belal-muhammad-ha-recordado-a-la-ufc\/","title":{"rendered":"El olvidado Belal Muhammad ha recordado a la UFC"},"content":{"rendered":"<div id=\"feat-img-reg\" class=\"relative\">\n <img decoding=\"async\" src=\"https:\/\/wmmaa.org\/wp-content\/uploads\/2024\/02\/The-forgotten-Belal-Muhammad-has-reminded-the-UFC-of-himself.jpg\" alt=\"El olvidado Belal Muhammad ha vuelto a la UFC\"><\/div>\n<div class=\"itemIntroText\">\n<p>El n\u00famero dos de la divisi\u00f3n del peso welter de la UFC, Belal Muhammad, que es uno de los probables cabezas de cartel del torneo UFC 300, decidi\u00f3 recordar su figura a los aficionados y a la direcci\u00f3n de la organizaci\u00f3n.<\/p>\n<\/p>\n<\/div>\n<div class=\"itemFullText\">\n<blockquote>\n<p>\u00abUFC 300, 301, 320, Ramad\u00e1n, ma\u00f1ana, la semana que viene: la fecha no importa. #yNuevoCampe\u00f3n\u00bb, escribi\u00f3 el luchador estadounidense en la red social.<\/p>\n<\/blockquote>\n<p>Una pelea por el t\u00edtulo del peso w\u00e9lter entre Belal Muhammad y el actual campe\u00f3n de la divisi\u00f3n, Leon Edwards, sigue siendo un posible evento principal para el evento de aniversario, y a juzgar por el hecho de que la liga m\u00e1s fuerte del mundo est\u00e1 teniendo serios problemas para organizar un combate de alto perfil, las posibilidades de que los pesos w\u00e9lter encabecen el espect\u00e1culo num\u00e9rico crecen d\u00eda a d\u00eda.<\/p>\n<p>Belal Muhammad, de 35 a\u00f1os, lleva una racha de cinco victorias consecutivas, y en su \u00faltimo combate se impuso por decisi\u00f3n un\u00e1nime al ex aspirante al cintur\u00f3n de campe\u00f3n Gilbert Burns.<\/p>\n<p>Recordemos que el torneo UFC 300 tendr\u00e1 lugar el 13 de abril en Las Vegas, y el evento principal del aniversario el jefe de la organizaci\u00f3n, Dana White, promete anunciar este fin de semana.<\/p>\n<\/p>\n<\/div>\n<p class=\"source-link\">Fuente: https:\/\/fighttime.ru\/news\/item\/33911-zabytyj-belal-mukhammad-napomnil-o-sebe-ufc.html?rand=19907<\/p>\n","protected":false},"excerpt":{"rendered":"<p>El n\u00famero dos de la divisi\u00f3n del peso welter de la UFC, Belal Muhammad, que es uno de los probables cabezas de cartel del torneo UFC 300, decidi\u00f3 recordar su figura a los aficionados y a la direcci\u00f3n de la organizaci\u00f3n. \u00abUFC 300, 301, 320, Ramad\u00e1n, ma\u00f1ana, la semana que viene: la fecha no importa. [&hellip;]<\/p>\n","protected":false},"author":1,"featured_media":423219,"comment_status":"","ping_status":"open","sticky":false,"template":"","format":"standard","meta":{"footnotes":""},"categories":[1171],"tags":[105,4808],"_links":{"self":[{"href":"https:\/\/wmmaa.org\/es\/wp-json\/wp\/v2\/posts\/423230"}],"collection":[{"href":"https:\/\/wmmaa.org\/es\/wp-json\/wp\/v2\/posts"}],"about":[{"href":"https:\/\/wmmaa.org\/es\/wp-json\/wp\/v2\/types\/post"}],"author":[{"embeddable":true,"href":"https:\/\/wmmaa.org\/es\/wp-json\/wp\/v2\/users\/1"}],"replies":[{"embeddable":true,"href":"https:\/\/wmmaa.org\/es\/wp-json\/wp\/v2\/comments?post=423230"}],"version-history":[{"count":0,"href":"https:\/\/wmmaa.org\/es\/wp-json\/wp\/v2\/posts\/423230\/revisions"}],"wp:featuredmedia":[{"embeddable":true,"href":"https:\/\/wmmaa.org\/es\/wp-json\/wp\/v2\/media\/423219"}],"wp:attachment":[{"href":"https:\/\/wmmaa.org\/es\/wp-json\/wp\/v2\/media?parent=423230"}],"wp:term":[{"taxonomy":"category","embeddable":true,"href":"https:\/\/wmmaa.org\/es\/wp-json\/wp\/v2\/categories?post=423230"},{"taxonomy":"post_tag","embeddable":true,"href":"https:\/\/wmmaa.org\/es\/wp-json\/wp\/v2\/tags?post=423230"}],"curies":[{"name":"wp","href":"https:\/\/api.w.org\/{rel}","templated":true}]}}