{"id":421556,"date":"2024-02-03T09:36:21","date_gmt":"2024-02-03T07:36:21","guid":{"rendered":"https:\/\/wmmaa.org\/se-conoce-la-reaccion-de-alexander-usik-a-la-cancelacion-del-combate-con-tyson-fury\/"},"modified":"2024-02-03T09:36:21","modified_gmt":"2024-02-03T07:36:21","slug":"se-conoce-la-reaccion-de-alexander-usik-a-la-cancelacion-del-combate-con-tyson-fury","status":"publish","type":"post","link":"https:\/\/wmmaa.org\/es\/se-conoce-la-reaccion-de-alexander-usik-a-la-cancelacion-del-combate-con-tyson-fury\/","title":{"rendered":"Se conoce la reacci\u00f3n de Alexander Usik a la cancelaci\u00f3n del combate con Tyson Fury"},"content":{"rendered":"<div id=\"feat-img-reg\" class=\"relative\">\n <img decoding=\"async\" src=\"https:\/\/wmmaa.org\/wp-content\/uploads\/2024\/02\/Alexander-Usiks-reaction-to-the-cancellation-of-the-fight-with.jpg\" alt=\"Se ha conocido la reacci\u00f3n de Alexander Usik a la cancelaci\u00f3n del combate con Tyson Fury\"><\/div>\n<div class=\"itemIntroText\">\n<p>El manager de Oleksandr Usik, Egis Klimas, inform\u00f3 sobre c\u00f3mo reaccion\u00f3 su pupilo a la noticia de la cancelaci\u00f3n del combate por el t\u00edtulo de campe\u00f3n mundial absoluto de boxeo contra Tyson Fury, que el d\u00eda anterior sufri\u00f3 una disecci\u00f3n durante el sparring.<\/p>\n<\/p>\n<\/div>\n<div class=\"itemFullText\">\n<blockquote>\n<p>\u00abTyson Fury es un maldito cobarde que har\u00e1 lo que sea para no enfrentarse a Usik, y pidi\u00f3 a su esposa **** que le golpeara en la ceja con una sart\u00e9n\u00bb, dijo Klimas seg\u00fan Sportskeeda. \u00abPuedes citarme palabra por palabra. Cuando Alexander recibi\u00f3 la noticia, se limit\u00f3 a sonre\u00edr. Eso es todo lo que hizo. Es demasiado fuerte mentalmente para derrumbarse. Esperaba algo as\u00ed\u00bb.<\/p>\n<\/blockquote>\n<p>Anteriormente en la red apareci\u00f3 en el video, confirmando que el boxeador brit\u00e1nico recibi\u00f3 una disecci\u00f3n durante el sparring, despu\u00e9s de haber recibido un golpe de codo del oponente. Al mismo tiempo, \u00abGypsy King\u00bb ya estaba en Riad, donde su pelea con el boxeador ucraniano iba a tener lugar el 17 de febrero.<\/p>\n<\/p>\n<p>Recordemos que Tyson Fury posee el cintur\u00f3n de campe\u00f3n de los pesos pesados del CMB, y Alexander Usik los t\u00edtulos de la AMB, la FIB, la OMB y la OIB en esta categor\u00eda de peso.<\/p>\n<\/p>\n<\/div>\n<p class=\"source-link\">Fuente: https:\/\/fighttime.ru\/news\/item\/33818-stala-izvestna-reaktsiya-aleksandra-usika-na-otmenu-boya-s-tajsonom-fyuri.html?rand=19907<\/p>\n","protected":false},"excerpt":{"rendered":"<p>El manager de Oleksandr Usik, Egis Klimas, inform\u00f3 sobre c\u00f3mo reaccion\u00f3 su pupilo a la noticia de la cancelaci\u00f3n del combate por el t\u00edtulo de campe\u00f3n mundial absoluto de boxeo contra Tyson Fury, que el d\u00eda anterior sufri\u00f3 una disecci\u00f3n durante el sparring. \u00abTyson Fury es un maldito cobarde que har\u00e1 lo que sea para [&hellip;]<\/p>\n","protected":false},"author":1,"featured_media":421541,"comment_status":"","ping_status":"open","sticky":false,"template":"","format":"standard","meta":{"footnotes":""},"categories":[1171],"tags":[4754,141],"_links":{"self":[{"href":"https:\/\/wmmaa.org\/es\/wp-json\/wp\/v2\/posts\/421556"}],"collection":[{"href":"https:\/\/wmmaa.org\/es\/wp-json\/wp\/v2\/posts"}],"about":[{"href":"https:\/\/wmmaa.org\/es\/wp-json\/wp\/v2\/types\/post"}],"author":[{"embeddable":true,"href":"https:\/\/wmmaa.org\/es\/wp-json\/wp\/v2\/users\/1"}],"replies":[{"embeddable":true,"href":"https:\/\/wmmaa.org\/es\/wp-json\/wp\/v2\/comments?post=421556"}],"version-history":[{"count":0,"href":"https:\/\/wmmaa.org\/es\/wp-json\/wp\/v2\/posts\/421556\/revisions"}],"wp:featuredmedia":[{"embeddable":true,"href":"https:\/\/wmmaa.org\/es\/wp-json\/wp\/v2\/media\/421541"}],"wp:attachment":[{"href":"https:\/\/wmmaa.org\/es\/wp-json\/wp\/v2\/media?parent=421556"}],"wp:term":[{"taxonomy":"category","embeddable":true,"href":"https:\/\/wmmaa.org\/es\/wp-json\/wp\/v2\/categories?post=421556"},{"taxonomy":"post_tag","embeddable":true,"href":"https:\/\/wmmaa.org\/es\/wp-json\/wp\/v2\/tags?post=421556"}],"curies":[{"name":"wp","href":"https:\/\/api.w.org\/{rel}","templated":true}]}}