{"id":419619,"date":"2024-01-21T19:29:54","date_gmt":"2024-01-21T17:29:54","guid":{"rendered":"https:\/\/wmmaa.org\/roman-kopylov-ha-sido-llamado-de-nuevo-a-la-ufc-el-ruso-esta-programado-para-una-pelea\/"},"modified":"2024-01-21T19:29:54","modified_gmt":"2024-01-21T17:29:54","slug":"roman-kopylov-ha-sido-llamado-de-nuevo-a-la-ufc-el-ruso-esta-programado-para-una-pelea","status":"publish","type":"post","link":"https:\/\/wmmaa.org\/es\/roman-kopylov-ha-sido-llamado-de-nuevo-a-la-ufc-el-ruso-esta-programado-para-una-pelea\/","title":{"rendered":"Roman Kopylov ha sido llamado de nuevo a la UFC &#8211; el ruso est\u00e1 programado para una pelea"},"content":{"rendered":"<div id=\"feat-img-reg\" class=\"relative\">\n <img decoding=\"async\" src=\"https:\/\/wmmaa.org\/wp-content\/uploads\/2024\/01\/Roman-Kopylov-has-been-recalled-in-the-UFC-the.jpg\" alt=\"Roman Kopylov ha sido retirado en el UFC - el ruso est\u00e1 programado para una pelea\"><\/div>\n<div class=\"itemIntroText\">\n<p>Roman Kopylov, que no hace mucho tiempo se quej\u00f3 de que estaba \u00abolvidado\u00bb en la UFC, volver\u00e1 al oct\u00e1gono el 17 de febrero en el UFC 298 en Anaheim, y el oponente del peso medio ruso ser\u00e1 el estadounidense Anthony Hern\u00e1ndez.<\/p>\n<\/p>\n<\/div>\n<div class=\"itemFullText\">\n<p>Kopylov sustituir\u00e1 en el combate a su compatriota Ikram Aliskerov, que abandon\u00f3 el evento numerado debido a una enfermedad infecciosa.<\/p>\n<p>Roman Kopylov, de 32 a\u00f1os, comenz\u00f3 su carrera en la UFC en 2019 y sufri\u00f3 dos derrotas consecutivas, perdiendo por estrangulamiento por detr\u00e1s contra Karl Roberson y por decisi\u00f3n un\u00e1nime contra Albert Duraev, pero el ex campe\u00f3n de Fight Nights Global desde entonces ha encadenado cuatro victorias por nocaut, la m\u00e1s reciente finalizando a Josh Fremd en la segunda ronda.<\/p>\n<p>Anthony Hern\u00e1ndez, de 30 a\u00f1os, tambi\u00e9n lleva una racha de cuatro victorias consecutivas, y en su \u00faltimo combate derrot\u00f3 a Edmen Shahbazyan por nocaut t\u00e9cnico en el tercer asalto.<\/p>\n<p>Anthony Hern\u00e1ndez ocupa actualmente la decimotercera posici\u00f3n en la clasificaci\u00f3n del peso medio de la UFC, mientras que Roman Kopylov a\u00fan no figura entre los mejores luchadores de la divisi\u00f3n.<\/p>\n<\/p>\n<\/div>\n<p class=\"source-link\">Fuente: https:\/\/fighttime.ru\/news\/item\/33713-pro-romana-kopylova-vspomnili-v-ufc-rossiyaninu-naznachen-boj.html?rand=19907<\/p>\n","protected":false},"excerpt":{"rendered":"<p>Roman Kopylov, que no hace mucho tiempo se quej\u00f3 de que estaba \u00abolvidado\u00bb en la UFC, volver\u00e1 al oct\u00e1gono el 17 de febrero en el UFC 298 en Anaheim, y el oponente del peso medio ruso ser\u00e1 el estadounidense Anthony Hern\u00e1ndez. Kopylov sustituir\u00e1 en el combate a su compatriota Ikram Aliskerov, que abandon\u00f3 el evento [&hellip;]<\/p>\n","protected":false},"author":1,"featured_media":419607,"comment_status":"","ping_status":"open","sticky":false,"template":"","format":"standard","meta":{"footnotes":""},"categories":[1171],"tags":[844,2224,4938],"_links":{"self":[{"href":"https:\/\/wmmaa.org\/es\/wp-json\/wp\/v2\/posts\/419619"}],"collection":[{"href":"https:\/\/wmmaa.org\/es\/wp-json\/wp\/v2\/posts"}],"about":[{"href":"https:\/\/wmmaa.org\/es\/wp-json\/wp\/v2\/types\/post"}],"author":[{"embeddable":true,"href":"https:\/\/wmmaa.org\/es\/wp-json\/wp\/v2\/users\/1"}],"replies":[{"embeddable":true,"href":"https:\/\/wmmaa.org\/es\/wp-json\/wp\/v2\/comments?post=419619"}],"version-history":[{"count":0,"href":"https:\/\/wmmaa.org\/es\/wp-json\/wp\/v2\/posts\/419619\/revisions"}],"wp:featuredmedia":[{"embeddable":true,"href":"https:\/\/wmmaa.org\/es\/wp-json\/wp\/v2\/media\/419607"}],"wp:attachment":[{"href":"https:\/\/wmmaa.org\/es\/wp-json\/wp\/v2\/media?parent=419619"}],"wp:term":[{"taxonomy":"category","embeddable":true,"href":"https:\/\/wmmaa.org\/es\/wp-json\/wp\/v2\/categories?post=419619"},{"taxonomy":"post_tag","embeddable":true,"href":"https:\/\/wmmaa.org\/es\/wp-json\/wp\/v2\/tags?post=419619"}],"curies":[{"name":"wp","href":"https:\/\/api.w.org\/{rel}","templated":true}]}}