{"id":419559,"date":"2024-01-21T16:41:55","date_gmt":"2024-01-21T14:41:55","guid":{"rendered":"https:\/\/wmmaa.org\/israel-adesanya-respondio-al-desafio-de-dricus-du-plessis\/"},"modified":"2024-01-21T16:41:55","modified_gmt":"2024-01-21T14:41:55","slug":"israel-adesanya-respondio-al-desafio-de-dricus-du-plessis","status":"publish","type":"post","link":"https:\/\/wmmaa.org\/es\/israel-adesanya-respondio-al-desafio-de-dricus-du-plessis\/","title":{"rendered":"Israel Adesanya respondi\u00f3 al desaf\u00edo de Dricus Du Plessis"},"content":{"rendered":"<div id=\"feat-img-reg\" class=\"relative\">\n <img decoding=\"async\" src=\"https:\/\/wmmaa.org\/wp-content\/uploads\/2024\/01\/Israel-Adesanya-answered-the-challenge-of-Dricus-Du-Plessis.jpg\" alt=\"Israel Adesanya responde al desaf\u00edo de Dricus Du Plessis\"><\/div>\n<div class=\"itemIntroText\">\n<p>El ex campe\u00f3n de peso medio de la UFC, Israel Adesanya, est\u00e1 listo para compartir el oct\u00e1gono con el nuevo campe\u00f3n de la divisi\u00f3n, Dricus Du Plessis, que le ret\u00f3 tras arrebatarle el cintur\u00f3n a Sean Strickland.<\/p>\n<\/p>\n<\/div>\n<div class=\"itemFullText\">\n<blockquote>\n<p>\u00abEste arco de mi historia se escribi\u00f3 hace mucho tiempo. Nuestros caminos est\u00e1n destinados a cruzarse de nuevo. Espero con impaciencia el pr\u00f3ximo episodio, gracias por vernos. Estamos escribiendo historia\u00bb, escribi\u00f3 el nigeriano en las redes sociales, donde public\u00f3 un fragmento de un entrenamiento conjunto con el sudafricano de hace ocho a\u00f1os.<\/p>\n<\/blockquote>\n<p>El combate por el t\u00edtulo entre Strickland y Du Plessis, que encabez\u00f3 el UFC 297 en Toronto, se alarg\u00f3 hasta el final y termin\u00f3 con una derrota por decisi\u00f3n dividida para el estadounidense.<\/p>\n<p>El jefe de la UFC, Dana White, dijo en la rueda de prensa posterior al evento que, en su opini\u00f3n, Strickland gan\u00f3 la pelea, pero descart\u00f3 la posibilidad de que el ex campe\u00f3n tuviera una revancha inmediata.<\/p>\n<p>Al mismo tiempo, el jefe de la organizaci\u00f3n evit\u00f3 dar una respuesta directa a la pregunta de qui\u00e9n ser\u00e1 el pr\u00f3ximo rival del nuevo campe\u00f3n: Israel Adesanya o Hamzat Chimaev, que logr\u00f3 retar al representante de Sud\u00e1frica.<\/p>\n<p>El posible enfrentamiento entre Adesanya y Du Plessis est\u00e1 intrigado por un conflicto personal que surgi\u00f3 despu\u00e9s de que el sudafricano prometiera convertirse en el primer verdadero campe\u00f3n africano de la UFC, cuestionando la identidad africana del nigeriano afincado en Nueva Zelanda.<\/p>\n<\/p>\n<\/div>\n<p class=\"source-link\">Fuente: https:\/\/fighttime.ru\/news\/item\/33710-israel-adesanya-otvetil-na-vyzov-drikusa-dyu-plessi.html?rand=19907<\/p>\n","protected":false},"excerpt":{"rendered":"<p>El ex campe\u00f3n de peso medio de la UFC, Israel Adesanya, est\u00e1 listo para compartir el oct\u00e1gono con el nuevo campe\u00f3n de la divisi\u00f3n, Dricus Du Plessis, que le ret\u00f3 tras arrebatarle el cintur\u00f3n a Sean Strickland. \u00abEste arco de mi historia se escribi\u00f3 hace mucho tiempo. Nuestros caminos est\u00e1n destinados a cruzarse de nuevo. [&hellip;]<\/p>\n","protected":false},"author":1,"featured_media":419544,"comment_status":"","ping_status":"open","sticky":false,"template":"","format":"standard","meta":{"footnotes":""},"categories":[1171],"tags":[4669,19],"_links":{"self":[{"href":"https:\/\/wmmaa.org\/es\/wp-json\/wp\/v2\/posts\/419559"}],"collection":[{"href":"https:\/\/wmmaa.org\/es\/wp-json\/wp\/v2\/posts"}],"about":[{"href":"https:\/\/wmmaa.org\/es\/wp-json\/wp\/v2\/types\/post"}],"author":[{"embeddable":true,"href":"https:\/\/wmmaa.org\/es\/wp-json\/wp\/v2\/users\/1"}],"replies":[{"embeddable":true,"href":"https:\/\/wmmaa.org\/es\/wp-json\/wp\/v2\/comments?post=419559"}],"version-history":[{"count":0,"href":"https:\/\/wmmaa.org\/es\/wp-json\/wp\/v2\/posts\/419559\/revisions"}],"wp:featuredmedia":[{"embeddable":true,"href":"https:\/\/wmmaa.org\/es\/wp-json\/wp\/v2\/media\/419544"}],"wp:attachment":[{"href":"https:\/\/wmmaa.org\/es\/wp-json\/wp\/v2\/media?parent=419559"}],"wp:term":[{"taxonomy":"category","embeddable":true,"href":"https:\/\/wmmaa.org\/es\/wp-json\/wp\/v2\/categories?post=419559"},{"taxonomy":"post_tag","embeddable":true,"href":"https:\/\/wmmaa.org\/es\/wp-json\/wp\/v2\/tags?post=419559"}],"curies":[{"name":"wp","href":"https:\/\/api.w.org\/{rel}","templated":true}]}}