{"id":419542,"date":"2024-01-21T12:36:09","date_gmt":"2024-01-21T10:36:09","guid":{"rendered":"https:\/\/wmmaa.org\/la-reaccion-de-dana-white-al-resultado-de-la-pelea-strickland-vs-du-plessis\/"},"modified":"2024-01-21T12:36:09","modified_gmt":"2024-01-21T10:36:09","slug":"la-reaccion-de-dana-white-al-resultado-de-la-pelea-strickland-vs-du-plessis","status":"publish","type":"post","link":"https:\/\/wmmaa.org\/es\/la-reaccion-de-dana-white-al-resultado-de-la-pelea-strickland-vs-du-plessis\/","title":{"rendered":"La reacci\u00f3n de Dana White al resultado de la pelea Strickland vs Du Plessis"},"content":{"rendered":"<div id=\"feat-img-reg\" class=\"relative\">\n <img decoding=\"async\" src=\"https:\/\/wmmaa.org\/wp-content\/uploads\/2024\/01\/Dana-Whites-reaction-to-the-result-of-the-Strickland-vs.jpg\" alt=\"La reacci\u00f3n de Dana White al resultado de la pelea Strickland vs. Du Plessis\"><\/div>\n<div class=\"itemIntroText\">\n<p>El CEO de la UFC, Dana White, comparti\u00f3 su opini\u00f3n sobre la pelea por el t\u00edtulo de peso medio entre Sean Strickland y Dricus Du Plessis, en la que el peleador sudafricano gan\u00f3 por decisi\u00f3n dividida para convertirse en el nuevo campe\u00f3n de la divisi\u00f3n.<\/p>\n<\/p>\n<\/div>\n<div class=\"itemFullText\">\n<blockquote>\n<p>\u00abCont\u00e9 2-2 despu\u00e9s de cuatro asaltos, y creo que Strickland gan\u00f3 el \u00faltimo\u00bb, dijo el m\u00e1ximo responsable de la organizaci\u00f3n en la rueda de prensa posterior al evento UFC 297 celebrado en Toronto. \u00abLos chicos que estaban sentados a mi lado contaron al rev\u00e9s, as\u00ed que fue una pelea muy re\u00f1ida\u00bb.<\/p>\n<p>\u00abCreo que Strickland se vio bien en los dos primeros asaltos y su jab fue genial &#8211; no se ve un jab como ese muy a menudo en MMA. Ese jab hizo el trabajo &#8211; los dos ojos de Du Plessis se dispararon y nadaron. Shawn baj\u00f3 el ritmo en el tercer y cuarto asalto, y Dricus sigui\u00f3 yendo hacia delante, alternando traslaciones y pu\u00f1etazos\u00bb.<\/p>\n<p>\u00abPens\u00e9 que en el quinto asalto se ver\u00eda qui\u00e9n quer\u00eda ganar m\u00e1s y ambos chicos remontaron un poco, pero sigo convencido de que en peleas como \u00e9sta hay que quitarle el cintur\u00f3n al campe\u00f3n con confianza\u00bb<\/p>\n<\/blockquote>\n<p>Sin embargo, White dej\u00f3 claro que Strickland no debe esperar una revancha inmediata.<\/p>\n<blockquote>\n<p>\u00abFue una pelea re\u00f1ida y estoy seguro de que en alg\u00fan momento estos dos volver\u00e1n a pelear, pero hablar de una revancha inmediata es prematuro\u00bb.<\/p>\n<\/blockquote>\n<p>El ejecutivo de UFC tambi\u00e9n respondi\u00f3 a una pregunta sobre si Dricus Du Plessis podr\u00eda o no hacer una defensa del t\u00edtulo contra Israel Adesanya o Hamzat Chimaev en el evento del aniversario de UFC 300 el 13 de abril en Las Vegas.<\/p>\n<blockquote>\n<p>\u00abLo aclararemos la semana que viene y haremos un anuncio. Tenemos un evento principal para el torneo UFC 300 y lo anunciaremos pronto\u00bb.<\/p>\n<\/blockquote>\n<\/div>\n<p class=\"source-link\">Fuente: https:\/\/fighttime.ru\/news\/item\/33709-reaktsiya-dana-uajta-na-rezultat-boya-striklenda-i-dyu-plessi.html?rand=19907<\/p>\n","protected":false},"excerpt":{"rendered":"<p>El CEO de la UFC, Dana White, comparti\u00f3 su opini\u00f3n sobre la pelea por el t\u00edtulo de peso medio entre Sean Strickland y Dricus Du Plessis, en la que el peleador sudafricano gan\u00f3 por decisi\u00f3n dividida para convertirse en el nuevo campe\u00f3n de la divisi\u00f3n. \u00abCont\u00e9 2-2 despu\u00e9s de cuatro asaltos, y creo que Strickland [&hellip;]<\/p>\n","protected":false},"author":1,"featured_media":419526,"comment_status":"","ping_status":"open","sticky":false,"template":"","format":"standard","meta":{"footnotes":""},"categories":[1171],"tags":[63,4669,386],"_links":{"self":[{"href":"https:\/\/wmmaa.org\/es\/wp-json\/wp\/v2\/posts\/419542"}],"collection":[{"href":"https:\/\/wmmaa.org\/es\/wp-json\/wp\/v2\/posts"}],"about":[{"href":"https:\/\/wmmaa.org\/es\/wp-json\/wp\/v2\/types\/post"}],"author":[{"embeddable":true,"href":"https:\/\/wmmaa.org\/es\/wp-json\/wp\/v2\/users\/1"}],"replies":[{"embeddable":true,"href":"https:\/\/wmmaa.org\/es\/wp-json\/wp\/v2\/comments?post=419542"}],"version-history":[{"count":0,"href":"https:\/\/wmmaa.org\/es\/wp-json\/wp\/v2\/posts\/419542\/revisions"}],"wp:featuredmedia":[{"embeddable":true,"href":"https:\/\/wmmaa.org\/es\/wp-json\/wp\/v2\/media\/419526"}],"wp:attachment":[{"href":"https:\/\/wmmaa.org\/es\/wp-json\/wp\/v2\/media?parent=419542"}],"wp:term":[{"taxonomy":"category","embeddable":true,"href":"https:\/\/wmmaa.org\/es\/wp-json\/wp\/v2\/categories?post=419542"},{"taxonomy":"post_tag","embeddable":true,"href":"https:\/\/wmmaa.org\/es\/wp-json\/wp\/v2\/tags?post=419542"}],"curies":[{"name":"wp","href":"https:\/\/api.w.org\/{rel}","templated":true}]}}