{"id":419521,"date":"2024-01-21T11:17:53","date_gmt":"2024-01-21T09:17:53","guid":{"rendered":"https:\/\/wmmaa.org\/sean-strickland-emitio-un-comunicado-tras-la-derrota\/"},"modified":"2024-01-21T11:17:53","modified_gmt":"2024-01-21T09:17:53","slug":"sean-strickland-emitio-un-comunicado-tras-la-derrota","status":"publish","type":"post","link":"https:\/\/wmmaa.org\/es\/sean-strickland-emitio-un-comunicado-tras-la-derrota\/","title":{"rendered":"Sean Strickland emiti\u00f3 un comunicado tras la derrota"},"content":{"rendered":"<div id=\"feat-img-reg\" class=\"relative\">\n <img decoding=\"async\" src=\"https:\/\/wmmaa.org\/wp-content\/uploads\/2024\/01\/Sean-Strickland-issued-a-statement-after-the-defeat.jpg\" alt=\"Sean Strickland emiti\u00f3 un comunicado tras la derrota\"><\/div>\n<div class=\"itemIntroText\">\n<p>El ex campe\u00f3n de peso medio de la UFC Sean Strickland, que perdi\u00f3 su t\u00edtulo contra Dricus Du Plessis, cree que hizo lo suficiente para ganar y tambi\u00e9n afirma que sufri\u00f3 una grave disecci\u00f3n por una patada en la cabeza en el cuarto asalto.<\/p>\n<\/p>\n<\/div>\n<div class=\"itemFullText\">\n<blockquote>\n<p>\u00abEsa patada en la cabeza dificult\u00f3 seriamente mi visibilidad, pero creo que hice mi trabajo\u00bb, escribi\u00f3 el estadounidense en las redes sociales. \u00abOh bueno nada, a seguir adelante. Gracias a todos los que me apoyaron\u00bb.<\/p>\n<p>\u00abMe esforc\u00e9 al m\u00e1ximo para llegar al Valhalla y ahora necesito una ducha\u00bb, a\u00f1adi\u00f3.<\/p>\n<\/blockquote>\n<p>El estadounidense tambi\u00e9n colg\u00f3 un v\u00eddeo en el que el jefe de la UFC, Dana White, habla de c\u00f3mo cree que es el ganador de esta pelea.<\/p>\n<p>Recordemos que la pelea por el t\u00edtulo, que encabez\u00f3 el torneo UFC 297 en Toronto, fue los cinco asaltos y termin\u00f3 en una decisi\u00f3n dividida con el marcador 47-48 y 48-47 dos veces a favor del luchador sudafricano.<\/p>\n<\/p>\n<\/div>\n<p class=\"source-link\">Fuente: https:\/\/fighttime.ru\/news\/item\/33708-shon-striklend-sdelal-zayavlenie-posle-porazheniya.html?rand=19907<\/p>\n","protected":false},"excerpt":{"rendered":"<p>El ex campe\u00f3n de peso medio de la UFC Sean Strickland, que perdi\u00f3 su t\u00edtulo contra Dricus Du Plessis, cree que hizo lo suficiente para ganar y tambi\u00e9n afirma que sufri\u00f3 una grave disecci\u00f3n por una patada en la cabeza en el cuarto asalto. \u00abEsa patada en la cabeza dificult\u00f3 seriamente mi visibilidad, pero creo [&hellip;]<\/p>\n","protected":false},"author":1,"featured_media":419508,"comment_status":"","ping_status":"open","sticky":false,"template":"","format":"standard","meta":{"footnotes":""},"categories":[1171],"tags":[4669,386],"_links":{"self":[{"href":"https:\/\/wmmaa.org\/es\/wp-json\/wp\/v2\/posts\/419521"}],"collection":[{"href":"https:\/\/wmmaa.org\/es\/wp-json\/wp\/v2\/posts"}],"about":[{"href":"https:\/\/wmmaa.org\/es\/wp-json\/wp\/v2\/types\/post"}],"author":[{"embeddable":true,"href":"https:\/\/wmmaa.org\/es\/wp-json\/wp\/v2\/users\/1"}],"replies":[{"embeddable":true,"href":"https:\/\/wmmaa.org\/es\/wp-json\/wp\/v2\/comments?post=419521"}],"version-history":[{"count":0,"href":"https:\/\/wmmaa.org\/es\/wp-json\/wp\/v2\/posts\/419521\/revisions"}],"wp:featuredmedia":[{"embeddable":true,"href":"https:\/\/wmmaa.org\/es\/wp-json\/wp\/v2\/media\/419508"}],"wp:attachment":[{"href":"https:\/\/wmmaa.org\/es\/wp-json\/wp\/v2\/media?parent=419521"}],"wp:term":[{"taxonomy":"category","embeddable":true,"href":"https:\/\/wmmaa.org\/es\/wp-json\/wp\/v2\/categories?post=419521"},{"taxonomy":"post_tag","embeddable":true,"href":"https:\/\/wmmaa.org\/es\/wp-json\/wp\/v2\/tags?post=419521"}],"curies":[{"name":"wp","href":"https:\/\/api.w.org\/{rel}","templated":true}]}}