{"id":417547,"date":"2024-01-08T10:50:23","date_gmt":"2024-01-08T08:50:23","guid":{"rendered":"https:\/\/wmmaa.org\/?p=417547"},"modified":"2024-01-08T10:50:23","modified_gmt":"2024-01-08T08:50:23","slug":"alexander-gustafsson-esta-listo-para-retomar-su-carrera","status":"publish","type":"post","link":"https:\/\/wmmaa.org\/es\/alexander-gustafsson-esta-listo-para-retomar-su-carrera\/","title":{"rendered":"Alexander Gustafsson est\u00e1 listo para retomar su carrera"},"content":{"rendered":"<div id=\"feat-img-reg\" class=\"relative\">\n <img decoding=\"async\" src=\"https:\/\/wmmaa.org\/wp-content\/uploads\/2024\/01\/Alexander-Gustafsson-is-ready-to-resume-his-career.jpg\" alt=\"Alexander Gustafsson est\u00e1 listo para reanudar su carrera\"><\/div>\n<div class=\"itemIntroText\">\n<p>El ex aspirante al t\u00edtulo del peso gallo de la UFC Alexander Gustafsson ha retomado el entrenamiento completo y no descarta volver al oct\u00e1gono.<\/p>\n<\/p>\n<\/div>\n<div class=\"itemFullText\">\n<blockquote>\n<p>\u00abVoy a pasar m\u00e1s tiempo en el gimnasio, centrarme en el entrenamiento y ponerme en forma\u00bb, ha declarado el luchador sueco de 36 a\u00f1os a Frontkick Online. \u00abMe encanta este deporte. Estoy emocionado por volver al gimnasio y hacer lo que me gusta.\u00bb<\/p>\n<p>\u00abTodav\u00eda no estoy pensando en pelear, el tiempo lo dir\u00e1. Si recibo una oferta, me centrar\u00e9 en c\u00f3mo me siento y partir\u00e9 de ah\u00ed. Llevo en la UFC desde 2009 y tengo un contrato activo con la organizaci\u00f3n. Sigo en activo. Si peleo, ser\u00e1 en la UFC\u00bb.<\/p>\n<\/blockquote>\n<p>En julio de 2022, Alexander Gustafsson regres\u00f3 al oct\u00e1gono tras un par\u00e9ntesis de dos a\u00f1os y sufri\u00f3 otra derrota, al perder por nocaut en la primera ronda ante Nikita Krylov.<\/p>\n<p>El pasado noviembre, el peso welter se retir\u00f3 de su combate con Ovince St. Preux, que estaba programado para el UFC 282 en Las Vegas, por una raz\u00f3n desconocida y ha estado fuera de acci\u00f3n durante las \u00faltimas dos semanas.<\/p>\n<\/p>\n<\/div>\n<p class=\"source-link\">Fuente: https:\/\/fighttime.ru\/news\/item\/33596-aleksandr-gustafsson-gotov-vozobnovit-kareru.html?rand=19907<\/p>\n","protected":false},"excerpt":{"rendered":"<p>El ex aspirante al t\u00edtulo del peso gallo de la UFC Alexander Gustafsson ha retomado el entrenamiento completo y no descarta volver al oct\u00e1gono. \u00abVoy a pasar m\u00e1s tiempo en el gimnasio, centrarme en el entrenamiento y ponerme en forma\u00bb, ha declarado el luchador sueco de 36 a\u00f1os a Frontkick Online. \u00abMe encanta este deporte. [&hellip;]<\/p>\n","protected":false},"author":1,"featured_media":417538,"comment_status":"closed","ping_status":"open","sticky":false,"template":"","format":"standard","meta":{"footnotes":""},"categories":[1171],"tags":[1731],"_links":{"self":[{"href":"https:\/\/wmmaa.org\/es\/wp-json\/wp\/v2\/posts\/417547"}],"collection":[{"href":"https:\/\/wmmaa.org\/es\/wp-json\/wp\/v2\/posts"}],"about":[{"href":"https:\/\/wmmaa.org\/es\/wp-json\/wp\/v2\/types\/post"}],"author":[{"embeddable":true,"href":"https:\/\/wmmaa.org\/es\/wp-json\/wp\/v2\/users\/1"}],"replies":[{"embeddable":true,"href":"https:\/\/wmmaa.org\/es\/wp-json\/wp\/v2\/comments?post=417547"}],"version-history":[{"count":0,"href":"https:\/\/wmmaa.org\/es\/wp-json\/wp\/v2\/posts\/417547\/revisions"}],"wp:featuredmedia":[{"embeddable":true,"href":"https:\/\/wmmaa.org\/es\/wp-json\/wp\/v2\/media\/417538"}],"wp:attachment":[{"href":"https:\/\/wmmaa.org\/es\/wp-json\/wp\/v2\/media?parent=417547"}],"wp:term":[{"taxonomy":"category","embeddable":true,"href":"https:\/\/wmmaa.org\/es\/wp-json\/wp\/v2\/categories?post=417547"},{"taxonomy":"post_tag","embeddable":true,"href":"https:\/\/wmmaa.org\/es\/wp-json\/wp\/v2\/tags?post=417547"}],"curies":[{"name":"wp","href":"https:\/\/api.w.org\/{rel}","templated":true}]}}