{"id":417164,"date":"2024-01-05T11:46:36","date_gmt":"2024-01-05T09:46:36","guid":{"rendered":"https:\/\/wmmaa.org\/?p=417164"},"modified":"2024-01-05T11:46:36","modified_gmt":"2024-01-05T09:46:36","slug":"chris-weidman-se-enfrentara-a-bruno-silva","status":"publish","type":"post","link":"https:\/\/wmmaa.org\/es\/chris-weidman-se-enfrentara-a-bruno-silva\/","title":{"rendered":"Chris Weidman se enfrentar\u00e1 a Bruno Silva"},"content":{"rendered":"<div id=\"feat-img-reg\" class=\"relative\">\n <img decoding=\"async\" src=\"https:\/\/wmmaa.org\/wp-content\/uploads\/2024\/01\/Chris-Weidman-to-face-Bruno-Silva.jpg\" alt=\"Chris Weidman se enfrentar\u00e1 a Bruno Silva\"><\/div>\n<div class=\"itemIntroText\">\n<p>Un combate de peso medio entre el ex campe\u00f3n de la UFC, Chris Weidman, y el ex titular de M-1, Bruno Silva, completar\u00e1 la cartelera del evento de la UFC, que tendr\u00e1 lugar el 30 de marzo en Atlantic City.<\/p>\n<\/p>\n<\/div>\n<div class=\"itemFullText\">\n<p>Fuentes cercanas a la situaci\u00f3n han informado de que ambos luchadores han acordado verbalmente luchar, aunque los contratos para el combate a\u00fan no se han firmado.<\/p>\n<p>Chris Weidman, de 39 a\u00f1os, reanud\u00f3 su carrera el pasado agosto tras sufrir una grave fractura de pierna en un combate contra Juraj Hall, perdiendo por decisi\u00f3n un\u00e1nime en tres asaltos ante Brad Tavares.<\/p>\n<p>Bruno Silva, de 34 a\u00f1os, tambi\u00e9n sufri\u00f3 dos derrotas consecutivas, al perder por estrangulamiento por detr\u00e1s ante Brendan Allen y por decisi\u00f3n un\u00e1nime ante Sharabutdin Magomedov.<\/p>\n<p>Ninguno de los dos luchadores se encuentra actualmente entre los 15 primeros de la divisi\u00f3n de peso medio de la UFC.<\/p>\n<\/p>\n<\/div>\n<p class=\"source-link\">Fuente: https:\/\/fighttime.ru\/news\/item\/33575-kris-vajdmen-vstretitsya-s-bruno-silvoj.html?rand=19907<\/p>\n","protected":false},"excerpt":{"rendered":"<p>Un combate de peso medio entre el ex campe\u00f3n de la UFC, Chris Weidman, y el ex titular de M-1, Bruno Silva, completar\u00e1 la cartelera del evento de la UFC, que tendr\u00e1 lugar el 30 de marzo en Atlantic City. Fuentes cercanas a la situaci\u00f3n han informado de que ambos luchadores han acordado verbalmente luchar, [&hellip;]<\/p>\n","protected":false},"author":1,"featured_media":417151,"comment_status":"closed","ping_status":"open","sticky":false,"template":"","format":"standard","meta":{"footnotes":""},"categories":[1171],"tags":[2828,504],"_links":{"self":[{"href":"https:\/\/wmmaa.org\/es\/wp-json\/wp\/v2\/posts\/417164"}],"collection":[{"href":"https:\/\/wmmaa.org\/es\/wp-json\/wp\/v2\/posts"}],"about":[{"href":"https:\/\/wmmaa.org\/es\/wp-json\/wp\/v2\/types\/post"}],"author":[{"embeddable":true,"href":"https:\/\/wmmaa.org\/es\/wp-json\/wp\/v2\/users\/1"}],"replies":[{"embeddable":true,"href":"https:\/\/wmmaa.org\/es\/wp-json\/wp\/v2\/comments?post=417164"}],"version-history":[{"count":0,"href":"https:\/\/wmmaa.org\/es\/wp-json\/wp\/v2\/posts\/417164\/revisions"}],"wp:featuredmedia":[{"embeddable":true,"href":"https:\/\/wmmaa.org\/es\/wp-json\/wp\/v2\/media\/417151"}],"wp:attachment":[{"href":"https:\/\/wmmaa.org\/es\/wp-json\/wp\/v2\/media?parent=417164"}],"wp:term":[{"taxonomy":"category","embeddable":true,"href":"https:\/\/wmmaa.org\/es\/wp-json\/wp\/v2\/categories?post=417164"},{"taxonomy":"post_tag","embeddable":true,"href":"https:\/\/wmmaa.org\/es\/wp-json\/wp\/v2\/tags?post=417164"}],"curies":[{"name":"wp","href":"https:\/\/api.w.org\/{rel}","templated":true}]}}