{"id":412968,"date":"2023-12-07T18:08:18","date_gmt":"2023-12-07T16:08:18","guid":{"rendered":"https:\/\/wmmaa.org\/jan-blachowicz-abandona-su-combate-contra-aleksandar-rakic\/"},"modified":"2023-12-07T18:08:18","modified_gmt":"2023-12-07T16:08:18","slug":"jan-blachowicz-abandona-su-combate-contra-aleksandar-rakic","status":"publish","type":"post","link":"https:\/\/wmmaa.org\/es\/jan-blachowicz-abandona-su-combate-contra-aleksandar-rakic\/","title":{"rendered":"Jan Blachowicz abandona su combate contra Aleksandar Rakic"},"content":{"rendered":"<div id=\"feat-img-reg\" class=\"relative\">\n <img decoding=\"async\" src=\"https:\/\/wmmaa.org\/wp-content\/uploads\/2023\/12\/Jan-Blachowicz-has-pulled-out-of-his-fight-against-Aleksandar.jpg\" alt=\"Jan Blachowicz abandona su combate contra Aleksandar Rakic\"><\/div>\n<div class=\"itemIntroText\">\n<p>El ex campe\u00f3n de peso gallo de la UFC, Jan Blachowicz, se ha retirado de su pr\u00f3xima pelea contra Aleksandar Rakic, que estaba programada para el 20 de enero en el UFC 297 en Toronto.<\/p>\n<\/p>\n<\/div>\n<div class=\"itemFullText\">\n<p>El luchador austriaco anunci\u00f3 la noticia en las redes sociales, ofreci\u00e9ndose como sustituto de otro ex campe\u00f3n, Jiri Prochazka.<\/p>\n<blockquote>\n<p>\u00abNunca perder\u00e1s una revancha si te niegas a pelear por segunda vez. Tonter\u00edas legendarias. A ver si Samurai tiene agallas para salir como sustituto el 20 de enero\u00bb, escribi\u00f3 Rakic.<\/p>\n<\/blockquote>\n<p>Jan Blachowicz a\u00fan no ha comentado esta informaci\u00f3n.<\/p>\n<p>El pasado mes de mayo, Aleksandar Rakic no pudo continuar su pelea con Jan Blachowicz tras sufrir una lesi\u00f3n de rodilla en el tercer asalto y no ha vuelto al oct\u00e1gono desde entonces. Antes de eso, el austriaco llevaba dos victorias consecutivas, por decisi\u00f3n un\u00e1nime sobre Anthony Smith y Thiago Santos.<\/p>\n<p>El evento principal del UFC 297 ser\u00e1 un combate por el t\u00edtulo del peso medio entre el estadounidense Sean Strickland y el sudafricano Dricus Du Plessis.<\/p>\n<\/p>\n<\/div>\n<p class=\"source-link\">Fuente: https:\/\/fighttime.ru\/news\/item\/33338-yan-blakhovich-vybyl-iz-boya-protiv-aleksandra-rakicha.html?rand=19907<\/p>\n","protected":false},"excerpt":{"rendered":"<p>El ex campe\u00f3n de peso gallo de la UFC, Jan Blachowicz, se ha retirado de su pr\u00f3xima pelea contra Aleksandar Rakic, que estaba programada para el 20 de enero en el UFC 297 en Toronto. El luchador austriaco anunci\u00f3 la noticia en las redes sociales, ofreci\u00e9ndose como sustituto de otro ex campe\u00f3n, Jiri Prochazka. \u00abNunca [&hellip;]<\/p>\n","protected":false},"author":1,"featured_media":412952,"comment_status":"","ping_status":"open","sticky":false,"template":"","format":"standard","meta":{"footnotes":""},"categories":[1171],"tags":[1121,240],"_links":{"self":[{"href":"https:\/\/wmmaa.org\/es\/wp-json\/wp\/v2\/posts\/412968"}],"collection":[{"href":"https:\/\/wmmaa.org\/es\/wp-json\/wp\/v2\/posts"}],"about":[{"href":"https:\/\/wmmaa.org\/es\/wp-json\/wp\/v2\/types\/post"}],"author":[{"embeddable":true,"href":"https:\/\/wmmaa.org\/es\/wp-json\/wp\/v2\/users\/1"}],"replies":[{"embeddable":true,"href":"https:\/\/wmmaa.org\/es\/wp-json\/wp\/v2\/comments?post=412968"}],"version-history":[{"count":0,"href":"https:\/\/wmmaa.org\/es\/wp-json\/wp\/v2\/posts\/412968\/revisions"}],"wp:featuredmedia":[{"embeddable":true,"href":"https:\/\/wmmaa.org\/es\/wp-json\/wp\/v2\/media\/412952"}],"wp:attachment":[{"href":"https:\/\/wmmaa.org\/es\/wp-json\/wp\/v2\/media?parent=412968"}],"wp:term":[{"taxonomy":"category","embeddable":true,"href":"https:\/\/wmmaa.org\/es\/wp-json\/wp\/v2\/categories?post=412968"},{"taxonomy":"post_tag","embeddable":true,"href":"https:\/\/wmmaa.org\/es\/wp-json\/wp\/v2\/tags?post=412968"}],"curies":[{"name":"wp","href":"https:\/\/api.w.org\/{rel}","templated":true}]}}