{"id":410787,"date":"2023-11-22T19:09:55","date_gmt":"2023-11-22T17:09:55","guid":{"rendered":"https:\/\/wmmaa.org\/peter-yan-ya-tiene-fecha-para-su-proximo-combate-en-la-ufc\/"},"modified":"2023-11-22T19:09:55","modified_gmt":"2023-11-22T17:09:55","slug":"peter-yan-ya-tiene-fecha-para-su-proximo-combate-en-la-ufc","status":"publish","type":"post","link":"https:\/\/wmmaa.org\/es\/peter-yan-ya-tiene-fecha-para-su-proximo-combate-en-la-ufc\/","title":{"rendered":"Peter Yan ya tiene fecha para su pr\u00f3ximo combate en la UFC"},"content":{"rendered":"<div id=\"feat-img-reg\" class=\"relative\">\n <img decoding=\"async\" src=\"https:\/\/wmmaa.org\/wp-content\/uploads\/2023\/11\/Peter-Yan-has-named-a-date-for-his-next-fight.jpg\" alt=\"Peter Yan nombr\u00f3 la fecha de su pr\u00f3xima pelea en la UFC\"><\/div>\n<div class=\"itemIntroText\">\n<p>El ex campe\u00f3n de peso ligero de la UFC Peter Yan ha revelado cu\u00e1ndo tiene previsto regresar al oct\u00e1gono.<\/p>\n<\/p>\n<\/div>\n<div class=\"itemFullText\">\n<blockquote>\n<p>\u00abUFC 299 suena bien para un regreso\u00bb, escribi\u00f3 el luchador ruso en las redes sociales.<\/p>\n<\/blockquote>\n<p>Al mismo tiempo, el ex campe\u00f3n no especific\u00f3 cu\u00e1l de los mejores luchadores de la divisi\u00f3n ve como su pr\u00f3ximo oponente.<\/p>\n<p>En marzo de este a\u00f1o, Petr Yan sufri\u00f3 su tercera derrota consecutiva, al perder por decisi\u00f3n un\u00e1nime ante Merab Dvalishvili tras cinco asaltos. Antes de eso, el ruso de 30 a\u00f1os perdi\u00f3 por decisi\u00f3n dividida ante Aljamain Sterling y Sean O&#8217;Malley.<\/p>\n<p>La \u00faltima victoria de Yang se produjo en octubre de 2021, cuando derrot\u00f3 a Corey Sandhagen por decisi\u00f3n un\u00e1nime en una pelea por el cintur\u00f3n de campe\u00f3n interino.<\/p>\n<p>Como recordatorio, UFC 299 tendr\u00e1 lugar el 9 de marzo, y su evento principal ser\u00e1 una pelea por el t\u00edtulo del peso mosca entre Sean O&#8217;Malley y Marlon Vera.<\/p>\n<\/p>\n<\/div>\n<p class=\"source-link\">Fuente: https:\/\/fighttime.ru\/news\/item\/33220-petr-yan-nazval-datu-sleduyushchego-boya.html?rand=19907<\/p>\n","protected":false},"excerpt":{"rendered":"<p>El ex campe\u00f3n de peso ligero de la UFC Peter Yan ha revelado cu\u00e1ndo tiene previsto regresar al oct\u00e1gono. \u00abUFC 299 suena bien para un regreso\u00bb, escribi\u00f3 el luchador ruso en las redes sociales. Al mismo tiempo, el ex campe\u00f3n no especific\u00f3 cu\u00e1l de los mejores luchadores de la divisi\u00f3n ve como su pr\u00f3ximo oponente. [&hellip;]<\/p>\n","protected":false},"author":1,"featured_media":410777,"comment_status":"","ping_status":"open","sticky":false,"template":"","format":"standard","meta":{"footnotes":""},"categories":[1171],"tags":[4713,4939],"_links":{"self":[{"href":"https:\/\/wmmaa.org\/es\/wp-json\/wp\/v2\/posts\/410787"}],"collection":[{"href":"https:\/\/wmmaa.org\/es\/wp-json\/wp\/v2\/posts"}],"about":[{"href":"https:\/\/wmmaa.org\/es\/wp-json\/wp\/v2\/types\/post"}],"author":[{"embeddable":true,"href":"https:\/\/wmmaa.org\/es\/wp-json\/wp\/v2\/users\/1"}],"replies":[{"embeddable":true,"href":"https:\/\/wmmaa.org\/es\/wp-json\/wp\/v2\/comments?post=410787"}],"version-history":[{"count":0,"href":"https:\/\/wmmaa.org\/es\/wp-json\/wp\/v2\/posts\/410787\/revisions"}],"wp:featuredmedia":[{"embeddable":true,"href":"https:\/\/wmmaa.org\/es\/wp-json\/wp\/v2\/media\/410777"}],"wp:attachment":[{"href":"https:\/\/wmmaa.org\/es\/wp-json\/wp\/v2\/media?parent=410787"}],"wp:term":[{"taxonomy":"category","embeddable":true,"href":"https:\/\/wmmaa.org\/es\/wp-json\/wp\/v2\/categories?post=410787"},{"taxonomy":"post_tag","embeddable":true,"href":"https:\/\/wmmaa.org\/es\/wp-json\/wp\/v2\/tags?post=410787"}],"curies":[{"name":"wp","href":"https:\/\/api.w.org\/{rel}","templated":true}]}}