{"id":410554,"date":"2023-11-21T09:08:54","date_gmt":"2023-11-21T07:08:54","guid":{"rendered":"https:\/\/wmmaa.org\/?p=410554"},"modified":"2023-11-21T09:08:54","modified_gmt":"2023-11-21T07:08:54","slug":"dustin-puryear-ha-anunciado-el-desarrollo-de-su-proxima-pelea","status":"publish","type":"post","link":"https:\/\/wmmaa.org\/es\/dustin-puryear-ha-anunciado-el-desarrollo-de-su-proxima-pelea\/","title":{"rendered":"Dustin Puryear ha anunciado el desarrollo de su pr\u00f3xima pelea"},"content":{"rendered":"<div id=\"feat-img-reg\" class=\"relative\">\n <img decoding=\"async\" src=\"https:\/\/wmmaa.org\/wp-content\/uploads\/2023\/11\/Dustin-Puryear-has-announced-the-development-of-his-next-fight.jpg\" alt=\"Dustin Puryear ha anunciado el desarrollo de su pr\u00f3xima pelea\"><\/div>\n<div class=\"itemIntroText\">\n<p>El ex campe\u00f3n interino del peso ligero de la UFC, Dustin Porye, actualmente tercero en la clasificaci\u00f3n de la divisi\u00f3n, tiene previsto competir en el evento del 300 aniversario de la UFC, previsto para el pr\u00f3ximo mes de abril.<\/p>\n<\/p>\n<\/div>\n<div class=\"itemFullText\">\n<p>As\u00ed lo anunci\u00f3 el luchador estadounidense a sus seguidores en la red social.<\/p>\n<blockquote>\n<p>\u00abAlgo en lo que estamos trabajando. UFC 300\u00bb, escribi\u00f3 \u00abDiamond\u00bb.<\/p>\n<\/blockquote>\n<p>Anteriormente, Dustin Porier dijo que no le importar\u00eda completar una trilog\u00eda con Justin Gaethje, ante quien perdi\u00f3 por nocaut en una pelea de retadores este julio, y tambi\u00e9n expres\u00f3 su disposici\u00f3n a realizar una cuarta pelea con Conor McGregor, quien regresa al oct\u00e1gono el pr\u00f3ximo a\u00f1o.<\/p>\n<p>Dicho esto, el m\u00e1nager de Gaethje, Ali Abdelaziz, dijo que su cliente podr\u00eda hacer una defensa del t\u00edtulo BMF contra Max Holloway en febrero, y el oponente de McGregor deber\u00eda ser Michael Chandler.<\/p>\n<\/p>\n<\/div>\n<p class=\"source-link\">Fuente: https:\/\/fighttime.ru\/news\/item\/33207-dastin-pore-soobshchil-o-razrabotke-sleduyushchego-poedinka.html?rand=19907<\/p>\n","protected":false},"excerpt":{"rendered":"<p>El ex campe\u00f3n interino del peso ligero de la UFC, Dustin Porye, actualmente tercero en la clasificaci\u00f3n de la divisi\u00f3n, tiene previsto competir en el evento del 300 aniversario de la UFC, previsto para el pr\u00f3ximo mes de abril. As\u00ed lo anunci\u00f3 el luchador estadounidense a sus seguidores en la red social. \u00abAlgo en lo [&hellip;]<\/p>\n","protected":false},"author":1,"featured_media":410543,"comment_status":"closed","ping_status":"open","sticky":false,"template":"","format":"standard","meta":{"footnotes":""},"categories":[1171],"tags":[4665],"_links":{"self":[{"href":"https:\/\/wmmaa.org\/es\/wp-json\/wp\/v2\/posts\/410554"}],"collection":[{"href":"https:\/\/wmmaa.org\/es\/wp-json\/wp\/v2\/posts"}],"about":[{"href":"https:\/\/wmmaa.org\/es\/wp-json\/wp\/v2\/types\/post"}],"author":[{"embeddable":true,"href":"https:\/\/wmmaa.org\/es\/wp-json\/wp\/v2\/users\/1"}],"replies":[{"embeddable":true,"href":"https:\/\/wmmaa.org\/es\/wp-json\/wp\/v2\/comments?post=410554"}],"version-history":[{"count":0,"href":"https:\/\/wmmaa.org\/es\/wp-json\/wp\/v2\/posts\/410554\/revisions"}],"wp:featuredmedia":[{"embeddable":true,"href":"https:\/\/wmmaa.org\/es\/wp-json\/wp\/v2\/media\/410543"}],"wp:attachment":[{"href":"https:\/\/wmmaa.org\/es\/wp-json\/wp\/v2\/media?parent=410554"}],"wp:term":[{"taxonomy":"category","embeddable":true,"href":"https:\/\/wmmaa.org\/es\/wp-json\/wp\/v2\/categories?post=410554"},{"taxonomy":"post_tag","embeddable":true,"href":"https:\/\/wmmaa.org\/es\/wp-json\/wp\/v2\/tags?post=410554"}],"curies":[{"name":"wp","href":"https:\/\/api.w.org\/{rel}","templated":true}]}}