{"id":410360,"date":"2023-11-19T14:04:54","date_gmt":"2023-11-19T12:04:54","guid":{"rendered":"https:\/\/wmmaa.org\/dana-white-la-marcha-de-khabib-me-rompio-el-corazon\/"},"modified":"2023-11-19T14:04:54","modified_gmt":"2023-11-19T12:04:54","slug":"dana-white-la-marcha-de-khabib-me-rompio-el-corazon","status":"publish","type":"post","link":"https:\/\/wmmaa.org\/es\/dana-white-la-marcha-de-khabib-me-rompio-el-corazon\/","title":{"rendered":"Dana White: \u00abLa marcha de Khabib me rompi\u00f3 el coraz\u00f3n\u00bb"},"content":{"rendered":"<div id=\"feat-img-reg\" class=\"relative\">\n <img decoding=\"async\" src=\"https:\/\/wmmaa.org\/wp-content\/uploads\/2023\/11\/Dana-White-Khabib-leaving-broke-my-heart.jpg\"><\/div>\n<div class=\"itemIntroText\">\n<p>El CEO de la UFC, Dana White, respondi\u00f3 a la pregunta de qu\u00e9 luchador ha sido para \u00e9l la salida de la organizaci\u00f3n m\u00e1s dura.<\/p>\n<\/p>\n<\/div>\n<div class=\"itemFullText\">\n<p>Seg\u00fan el m\u00e1ximo responsable de la liga m\u00e1s fuerte del mundo, la decisi\u00f3n del invicto luchador ruso Khabib Nurmagomedov de poner fin a su carrera profesional fue un duro golpe para \u00e9l.<\/p>\n<blockquote>\n<p>\u00ab\u00bfHubo un luchador que puso fin a su carrera y me rompi\u00f3 el coraz\u00f3n?\u00bb, dijo el jefe de la UFC en una entrevista con Theo Vaughn. \u00abS\u00ed, ese es Khabib. Normalmente me alegro cuando un luchador se va despu\u00e9s de haber logrado todo lo que pod\u00eda, pero su retirada fue la m\u00e1s dura para m\u00ed porque estoy seguro de que ten\u00eda mucho m\u00e1s que ofrecer y hacer, pero con la muerte de su padre, perdi\u00f3 el inter\u00e9s por luchar y su carrera se acab\u00f3. Adem\u00e1s, gan\u00f3 tanto dinero que puede que nunca vuelva a trabajar\u00bb.<\/p>\n<\/blockquote>\n<p>En octubre de 2020, Khabib Nurmagomedov, de 35 a\u00f1os, consigui\u00f3 su decimotercera victoria consecutiva bajo la bandera de la UFC al unificar con \u00e9xito los t\u00edtulos actual e interino del peso ligero contra Justin Gaethje antes de anunciar el final de su carrera profesional.<\/p>\n<p>Sin embargo, el ruso sigui\u00f3 siendo el vigente campe\u00f3n de la liga durante varios meses m\u00e1s, ya que la direcci\u00f3n esperaba organizar su revancha con Conor McGregor, pero la derrota del irland\u00e9s en un combate contra Dustin Porier oblig\u00f3 a la UFC a abandonar ese plan.<\/p>\n<\/p>\n<\/div>\n<p class=\"source-link\">Fuente: https:\/\/fighttime.ru\/news\/item\/33196-dana-uajt-ukhod-khabiba-razbil-mne-serdtse.html?rand=19907<\/p>\n","protected":false},"excerpt":{"rendered":"<p>El CEO de la UFC, Dana White, respondi\u00f3 a la pregunta de qu\u00e9 luchador ha sido para \u00e9l la salida de la organizaci\u00f3n m\u00e1s dura. Seg\u00fan el m\u00e1ximo responsable de la liga m\u00e1s fuerte del mundo, la decisi\u00f3n del invicto luchador ruso Khabib Nurmagomedov de poner fin a su carrera profesional fue un duro golpe [&hellip;]<\/p>\n","protected":false},"author":1,"featured_media":0,"comment_status":"","ping_status":"open","sticky":false,"template":"","format":"standard","meta":{"footnotes":""},"categories":[1171],"tags":[],"_links":{"self":[{"href":"https:\/\/wmmaa.org\/es\/wp-json\/wp\/v2\/posts\/410360"}],"collection":[{"href":"https:\/\/wmmaa.org\/es\/wp-json\/wp\/v2\/posts"}],"about":[{"href":"https:\/\/wmmaa.org\/es\/wp-json\/wp\/v2\/types\/post"}],"author":[{"embeddable":true,"href":"https:\/\/wmmaa.org\/es\/wp-json\/wp\/v2\/users\/1"}],"replies":[{"embeddable":true,"href":"https:\/\/wmmaa.org\/es\/wp-json\/wp\/v2\/comments?post=410360"}],"version-history":[{"count":0,"href":"https:\/\/wmmaa.org\/es\/wp-json\/wp\/v2\/posts\/410360\/revisions"}],"wp:attachment":[{"href":"https:\/\/wmmaa.org\/es\/wp-json\/wp\/v2\/media?parent=410360"}],"wp:term":[{"taxonomy":"category","embeddable":true,"href":"https:\/\/wmmaa.org\/es\/wp-json\/wp\/v2\/categories?post=410360"},{"taxonomy":"post_tag","embeddable":true,"href":"https:\/\/wmmaa.org\/es\/wp-json\/wp\/v2\/tags?post=410360"}],"curies":[{"name":"wp","href":"https:\/\/api.w.org\/{rel}","templated":true}]}}