{"id":406260,"date":"2023-10-23T22:03:55","date_gmt":"2023-10-23T19:03:55","guid":{"rendered":"https:\/\/wmmaa.org\/el-combate-entre-jared-cannonier-y-roman-dolidze-ha-sido-cancelado\/"},"modified":"2023-10-23T22:03:55","modified_gmt":"2023-10-23T19:03:55","slug":"el-combate-entre-jared-cannonier-y-roman-dolidze-ha-sido-cancelado","status":"publish","type":"post","link":"https:\/\/wmmaa.org\/es\/el-combate-entre-jared-cannonier-y-roman-dolidze-ha-sido-cancelado\/","title":{"rendered":"El combate entre Jared Cannonier y Roman Dolidze ha sido cancelado"},"content":{"rendered":"<div id=\"feat-img-reg\" class=\"relative\">\n <img decoding=\"async\" src=\"https:\/\/wmmaa.org\/wp-content\/uploads\/2023\/10\/The-fight-between-Jared-Cannonier-and-Roman-Dolidze-has-been.jpg\" alt=\"Cancelado el combate entre Jared Cannonier y Roman Dolidze\"><\/div>\n<div class=\"itemIntroText\">\n<p>El ex aspirante al t\u00edtulo de peso medio de la UFC Jared Cannonier se ha roto los ligamentos de la rodilla y no disputar\u00e1 su combate contra Roman Dolidze, que estaba previsto para el 2 de diciembre en Austin, Texas.<\/p>\n<\/p>\n<\/div>\n<div class=\"itemFullText\">\n<blockquote>\n<p>\u00abVoy a operarme el jueves, as\u00ed que la pelea no ser\u00e1 en diciembre y la UFC lo sabe\u00bb, dijo el estadounidense a MMAJunkie. \u00abAhora mismo estamos trabajando en el papeleo de mi seguro y voy a centrarme en mi recuperaci\u00f3n. Aqu\u00ed hay una actualizaci\u00f3n con mi nombre\u00bb.<\/p>\n<\/blockquote>\n<p>Seg\u00fan Cannonier, sufri\u00f3 la lesi\u00f3n poco despu\u00e9s de que se le pidiera que sustituyera a Paulo Costa en el combate contra Hamzat Chimaev.<\/p>\n<blockquote>\n<p>\u00abRecib\u00ed una llamada y me ofrecieron aceptar la pelea con Chimaev. Antes de que pudiera decirle a mi representante que le dijera a la UFC que s\u00ed, me lesion\u00e9. Me llamaron el 10 de octubre y me ofrecieron el combate antes que a Kamar Usman. As\u00ed que f\u00e1cilmente podr\u00eda haber sido yo en su lugar\u00bb.<\/p>\n<\/blockquote>\n<p>Anteriormente, Roman Dolidze renunci\u00f3 a su combate con Derek Brunson, que fue liberado de su contrato y abandon\u00f3 la lista de la liga m\u00e1s fuerte del mundo.<\/p>\n<\/p>\n<\/div>\n<p class=\"source-link\">Fuente: https:\/\/fighttime.ru\/news\/item\/32965-boj-dzhareda-kannonira-i-romana-dolidze-otmenen.html?rand=19907<\/p>\n","protected":false},"excerpt":{"rendered":"<p>El ex aspirante al t\u00edtulo de peso medio de la UFC Jared Cannonier se ha roto los ligamentos de la rodilla y no disputar\u00e1 su combate contra Roman Dolidze, que estaba previsto para el 2 de diciembre en Austin, Texas. \u00abVoy a operarme el jueves, as\u00ed que la pelea no ser\u00e1 en diciembre y la [&hellip;]<\/p>\n","protected":false},"author":1,"featured_media":406247,"comment_status":"","ping_status":"open","sticky":false,"template":"","format":"standard","meta":{"footnotes":""},"categories":[1171],"tags":[372,478],"_links":{"self":[{"href":"https:\/\/wmmaa.org\/es\/wp-json\/wp\/v2\/posts\/406260"}],"collection":[{"href":"https:\/\/wmmaa.org\/es\/wp-json\/wp\/v2\/posts"}],"about":[{"href":"https:\/\/wmmaa.org\/es\/wp-json\/wp\/v2\/types\/post"}],"author":[{"embeddable":true,"href":"https:\/\/wmmaa.org\/es\/wp-json\/wp\/v2\/users\/1"}],"replies":[{"embeddable":true,"href":"https:\/\/wmmaa.org\/es\/wp-json\/wp\/v2\/comments?post=406260"}],"version-history":[{"count":0,"href":"https:\/\/wmmaa.org\/es\/wp-json\/wp\/v2\/posts\/406260\/revisions"}],"wp:featuredmedia":[{"embeddable":true,"href":"https:\/\/wmmaa.org\/es\/wp-json\/wp\/v2\/media\/406247"}],"wp:attachment":[{"href":"https:\/\/wmmaa.org\/es\/wp-json\/wp\/v2\/media?parent=406260"}],"wp:term":[{"taxonomy":"category","embeddable":true,"href":"https:\/\/wmmaa.org\/es\/wp-json\/wp\/v2\/categories?post=406260"},{"taxonomy":"post_tag","embeddable":true,"href":"https:\/\/wmmaa.org\/es\/wp-json\/wp\/v2\/tags?post=406260"}],"curies":[{"name":"wp","href":"https:\/\/api.w.org\/{rel}","templated":true}]}}