{"id":404575,"date":"2023-10-13T12:07:51","date_gmt":"2023-10-13T09:07:51","guid":{"rendered":"https:\/\/wmmaa.org\/?p=404575"},"modified":"2023-10-13T12:07:51","modified_gmt":"2023-10-13T09:07:51","slug":"merab-dvalishvili-ha-aceptado-luchar-contra-henry-sehudo","status":"publish","type":"post","link":"https:\/\/wmmaa.org\/es\/merab-dvalishvili-ha-aceptado-luchar-contra-henry-sehudo\/","title":{"rendered":"Merab Dvalishvili ha aceptado luchar contra Henry Sehudo"},"content":{"rendered":"<div id=\"feat-img-reg\" class=\"relative\">\n <img decoding=\"async\" src=\"https:\/\/wmmaa.org\/wp-content\/uploads\/2023\/10\/Merab-Dvalishvili-has-agreed-to-fight-Henry-Sehudo.jpg\" alt=\"Merab Dvalishvili ha aceptado luchar contra Henry Sehudo\"><\/div>\n<div class=\"itemIntroText\">\n<p>El n\u00famero dos de la divisi\u00f3n de peso ligero de la UFC, Merab Dvalishvili, est\u00e1 dispuesto a compartir el oct\u00e1gono con Henry Cejudo si la direcci\u00f3n de la liga m\u00e1s fuerte del mundo le env\u00eda un contrato para luchar contra el \u00abCampe\u00f3n de la Triple Corona\u00bb.<\/p>\n<\/p>\n<\/div>\n<div class=\"itemFullText\">\n<blockquote>\n<p>\u00abHey Merab, te has hecho un trasplante de pelo en la cabeza &#8211; estar\u00eda bien trasplantarte un poco en las pelotas tambi\u00e9n\u00bb, escribi\u00f3 el estadounidense en las redes sociales, dirigi\u00e9ndose al luchador georgiano. \u00ab\u00a1Firma el contrato!\u00bb<\/p>\n<\/blockquote>\n<p>El posible rival no tard\u00f3 en responder.<\/p>\n<blockquote>\n<p>\u00abOye Henry Sekhudo, en primer lugar, muestra un poco de respeto\u00bb, dijo Dvalishvili en el v\u00eddeo publicado. \u00abEs hora de humillarte de nuevo. Siguiente: noticias falsas. No tengo contrato. \u00bfQu\u00e9 se supone que tengo que firmar? Como Sean O&#8217;Malley no quiere pelear con un contendiente de verdad y, por supuesto, la UFC va a darle a su chico lo que quiere, no voy a sentarme a esperar. Voy a pelear contigo. Estoy aqu\u00ed y estoy listo\u00bb.<\/p>\n<\/blockquote>\n<p>Anteriormente se inform\u00f3 de que una pelea entre Sehudo y Dvalishvili est\u00e1 en marcha y podr\u00eda formar parte del evento UFC 297, que tendr\u00e1 lugar el 20 de enero en Toronto.<\/p>\n<\/p>\n<\/div>\n<p class=\"source-link\">Fuente: https:\/\/fighttime.ru\/news\/item\/32870-merab-dvalishvili-dal-soglasie-na-boj-s-genri-sekhudo.html?rand=19907<\/p>\n","protected":false},"excerpt":{"rendered":"<p>El n\u00famero dos de la divisi\u00f3n de peso ligero de la UFC, Merab Dvalishvili, est\u00e1 dispuesto a compartir el oct\u00e1gono con Henry Cejudo si la direcci\u00f3n de la liga m\u00e1s fuerte del mundo le env\u00eda un contrato para luchar contra el \u00abCampe\u00f3n de la Triple Corona\u00bb. \u00abHey Merab, te has hecho un trasplante de pelo [&hellip;]<\/p>\n","protected":false},"author":1,"featured_media":404564,"comment_status":"closed","ping_status":"open","sticky":false,"template":"","format":"standard","meta":{"footnotes":""},"categories":[1171],"tags":[4910,552],"_links":{"self":[{"href":"https:\/\/wmmaa.org\/es\/wp-json\/wp\/v2\/posts\/404575"}],"collection":[{"href":"https:\/\/wmmaa.org\/es\/wp-json\/wp\/v2\/posts"}],"about":[{"href":"https:\/\/wmmaa.org\/es\/wp-json\/wp\/v2\/types\/post"}],"author":[{"embeddable":true,"href":"https:\/\/wmmaa.org\/es\/wp-json\/wp\/v2\/users\/1"}],"replies":[{"embeddable":true,"href":"https:\/\/wmmaa.org\/es\/wp-json\/wp\/v2\/comments?post=404575"}],"version-history":[{"count":0,"href":"https:\/\/wmmaa.org\/es\/wp-json\/wp\/v2\/posts\/404575\/revisions"}],"wp:featuredmedia":[{"embeddable":true,"href":"https:\/\/wmmaa.org\/es\/wp-json\/wp\/v2\/media\/404564"}],"wp:attachment":[{"href":"https:\/\/wmmaa.org\/es\/wp-json\/wp\/v2\/media?parent=404575"}],"wp:term":[{"taxonomy":"category","embeddable":true,"href":"https:\/\/wmmaa.org\/es\/wp-json\/wp\/v2\/categories?post=404575"},{"taxonomy":"post_tag","embeddable":true,"href":"https:\/\/wmmaa.org\/es\/wp-json\/wp\/v2\/tags?post=404575"}],"curies":[{"name":"wp","href":"https:\/\/api.w.org\/{rel}","templated":true}]}}