{"id":403907,"date":"2023-10-10T09:30:35","date_gmt":"2023-10-10T06:30:35","guid":{"rendered":"https:\/\/wmmaa.org\/paulo-costa-evaluo-la-probabilidad-de-cancelar-el-combate-con-khamzat-chimaev\/"},"modified":"2023-10-10T09:30:35","modified_gmt":"2023-10-10T06:30:35","slug":"paulo-costa-evaluo-la-probabilidad-de-cancelar-el-combate-con-khamzat-chimaev","status":"publish","type":"post","link":"https:\/\/wmmaa.org\/es\/paulo-costa-evaluo-la-probabilidad-de-cancelar-el-combate-con-khamzat-chimaev\/","title":{"rendered":"Paulo Costa evalu\u00f3 la probabilidad de cancelar el combate con Khamzat Chimaev"},"content":{"rendered":"<div id=\"feat-img-reg\" class=\"relative\">\n <img decoding=\"async\" src=\"https:\/\/wmmaa.org\/wp-content\/uploads\/2023\/10\/Paulo-Costa-assessed-the-probability-of-canceling-the-fight-with.jpg\" alt=\"Paulo Costa evalu\u00f3 la probabilidad de cancelar el combate con Khamzat Chimaev\"><\/div>\n<div class=\"itemIntroText\">\n<p>El ex aspirante al t\u00edtulo de peso medio de la UFC Paulo Costa revel\u00f3 cu\u00e1l fue la causa de la operaci\u00f3n de codo a la que se someti\u00f3 cinco semanas antes de su pelea con Khamzat Chimaev, y tambi\u00e9n evalu\u00f3 la probabilidad de que su combate con \u00abBorz\u00bb no se cancele.<\/p>\n<\/p>\n<\/div>\n<div class=\"itemFullText\">\n<p>Seg\u00fan el brasile\u00f1o, todo comenz\u00f3 con una infecci\u00f3n por estafilococos que deriv\u00f3 en una bursitis infecciosa que requiri\u00f3 cirug\u00eda.<\/p>\n<blockquote>\n<p>\u00abCuando el m\u00e9dico me dijo que era necesario abrirme el codo, le pregunt\u00e9 cu\u00e1nto tiempo tardar\u00eda en quitarme los puntos\u00bb, dijo el brasile\u00f1o a la edici\u00f3n regular del programa The MMA Hour. \u00abMe contest\u00f3 que ten\u00eda que estar con los puntos dos semanas. As\u00ed que eso significaba que ten\u00edamos dos semanas m\u00e1s para entrenar. Fueron buenas noticias, porque eso era suficiente para m\u00ed: estaba en buena forma y listo para pelear. As\u00ed que le ped\u00ed a la UFC que no me retirara del combate. Al principio incluso le ped\u00ed a mi m\u00e9dico que no informara a la UFC, pero era imposible, as\u00ed que tuve que notific\u00e1rselo\u00bb.<\/p>\n<\/blockquote>\n<p>Costa mantiene que su enfrentamiento con el p\u00fagil checheno sigue en pie para celebrarse el 21 de octubre en el UFC 294 de Abu Dhabi, tal y como estaba previsto.<\/p>\n<blockquote>\n<p>\u00abPor supuesto que la pelea sigue en pie. Quiero dar las gracias a la UFC por no cancelar la pelea porque creo que puedo vencerle 99 de cada 100 veces. Tengo todo lo que necesito para vencer a este hijo de puta. Es un luchador y no tiene nada m\u00e1s para m\u00ed. Tiene una cabeza grande, brazos largos, cuerpo delgado. No puede hacerme nada. Parar\u00e9 su primer tekdown y le noquear\u00e9. Realmente quer\u00eda esta pelea, por eso no me retir\u00e9. La \u00fanica forma de que el combate no se celebre es que los m\u00e9dicos me saquen de la jaula gritando y pataleando, porque he venido a pelear con \u00e9l y realmente creo que puedo vencerle\u00bb.<\/p>\n<\/blockquote>\n<p>Como recordatorio, el combate de peso medio ser\u00e1 el segundo evento m\u00e1s importante de la pr\u00f3xima edici\u00f3n numerada.<\/p>\n<\/p>\n<\/div>\n<p class=\"source-link\">Fuente: https:\/\/fighttime.ru\/news\/item\/32833-paulo-kosta-otsenil-veroyatnost-otmeny-boya-s-khamzatom-chimaevym.html?rand=19907<\/p>\n","protected":false},"excerpt":{"rendered":"<p>El ex aspirante al t\u00edtulo de peso medio de la UFC Paulo Costa revel\u00f3 cu\u00e1l fue la causa de la operaci\u00f3n de codo a la que se someti\u00f3 cinco semanas antes de su pelea con Khamzat Chimaev, y tambi\u00e9n evalu\u00f3 la probabilidad de que su combate con \u00abBorz\u00bb no se cancele. Seg\u00fan el brasile\u00f1o, todo [&hellip;]<\/p>\n","protected":false},"author":1,"featured_media":403898,"comment_status":"","ping_status":"open","sticky":false,"template":"","format":"standard","meta":{"footnotes":""},"categories":[1171],"tags":[56,252],"_links":{"self":[{"href":"https:\/\/wmmaa.org\/es\/wp-json\/wp\/v2\/posts\/403907"}],"collection":[{"href":"https:\/\/wmmaa.org\/es\/wp-json\/wp\/v2\/posts"}],"about":[{"href":"https:\/\/wmmaa.org\/es\/wp-json\/wp\/v2\/types\/post"}],"author":[{"embeddable":true,"href":"https:\/\/wmmaa.org\/es\/wp-json\/wp\/v2\/users\/1"}],"replies":[{"embeddable":true,"href":"https:\/\/wmmaa.org\/es\/wp-json\/wp\/v2\/comments?post=403907"}],"version-history":[{"count":0,"href":"https:\/\/wmmaa.org\/es\/wp-json\/wp\/v2\/posts\/403907\/revisions"}],"wp:featuredmedia":[{"embeddable":true,"href":"https:\/\/wmmaa.org\/es\/wp-json\/wp\/v2\/media\/403898"}],"wp:attachment":[{"href":"https:\/\/wmmaa.org\/es\/wp-json\/wp\/v2\/media?parent=403907"}],"wp:term":[{"taxonomy":"category","embeddable":true,"href":"https:\/\/wmmaa.org\/es\/wp-json\/wp\/v2\/categories?post=403907"},{"taxonomy":"post_tag","embeddable":true,"href":"https:\/\/wmmaa.org\/es\/wp-json\/wp\/v2\/tags?post=403907"}],"curies":[{"name":"wp","href":"https:\/\/api.w.org\/{rel}","templated":true}]}}