{"id":403128,"date":"2023-10-05T10:45:54","date_gmt":"2023-10-05T07:45:54","guid":{"rendered":"https:\/\/wmmaa.org\/michael-chandler-nombro-la-linea-de-tiempo-para-su-pelea-con-conor-mcgregor\/"},"modified":"2023-10-05T10:45:54","modified_gmt":"2023-10-05T07:45:54","slug":"michael-chandler-nombro-la-linea-de-tiempo-para-su-pelea-con-conor-mcgregor","status":"publish","type":"post","link":"https:\/\/wmmaa.org\/es\/michael-chandler-nombro-la-linea-de-tiempo-para-su-pelea-con-conor-mcgregor\/","title":{"rendered":"Michael Chandler nombr\u00f3 la l\u00ednea de tiempo para su pelea con Conor McGregor"},"content":{"rendered":"<div id=\"feat-img-reg\" class=\"relative\">\n <img decoding=\"async\" src=\"https:\/\/wmmaa.org\/wp-content\/uploads\/2023\/10\/Michael-Chandler-named-the-timeline-for-his-fight-with-Conor.jpg\" alt=\"Michael Chandler nombra la l\u00ednea de tiempo para su pelea con Conor McGregor\"><\/div>\n<div class=\"itemIntroText\">\n<p>La esperada pelea entre Conor McGregor y Michael Chandler podr\u00eda tener lugar en el UFC 300 Anniversary Tournament el pr\u00f3ximo mes de marzo o abril.<\/p>\n<\/p>\n<\/div>\n<div class=\"itemFullText\">\n<p>Sobre ello en la emisi\u00f3n habitual del programa \u00abThe Hour of MMA\u00bb dijo el luchador estadounidense.<\/p>\n<blockquote>\n<p>\u00abLa pelea sigue en pie, no tiene fecha, ni lugar, pero la pelea entre Chandler y McGregor est\u00e1 fijada\u00bb, dijo Chandler. \u00abConor no puede volver y no pelear conmigo. La \u00fanica manera de que Conor no pelee conmigo es si no regresa en absoluto, pero eso est\u00e1 fuera de mi control.\u00bb<\/p>\n<p>\u00abObviamente, noviembre y diciembre ya est\u00e1n programados para los eventos principales y eso mueve nuestra pelea a 2024. La organizaci\u00f3n se est\u00e1 preparando para un evento hist\u00f3rico, y no me sorprender\u00eda si la pelea tiene lugar en UFC 300. Eso tiene mucho sentido. Si es as\u00ed, tendr\u00e9 m\u00e1s tiempo para prepararme. Nunca en mi vida me he preparado tanto para una pelea con un rival concreto\u00bb.<\/p>\n<\/blockquote>\n<p>Antes de que la pelea pueda anunciarse oficialmente, Conor McGregor necesita volver al grupo de pruebas de la Agencia Estadounidense Antidopaje, que abandon\u00f3 tras sufrir una fractura en una pierna en una pelea con Dustin Puryear hace dos a\u00f1os.<\/p>\n<p>Dicho esto, el CEO de la UFC, Dana White, prometi\u00f3 en una reciente entrevista organizar una pelea para el excampe\u00f3n de Bellator si se cansa de esperar al irland\u00e9s.<\/p>\n<\/p>\n<\/div>\n<p class=\"source-link\">Fuente: https:\/\/fighttime.ru\/news\/item\/32790-majkl-chendler-nazval-sroki-boya-s-konorom-makgregorom.html?rand=19907<\/p>\n","protected":false},"excerpt":{"rendered":"<p>La esperada pelea entre Conor McGregor y Michael Chandler podr\u00eda tener lugar en el UFC 300 Anniversary Tournament el pr\u00f3ximo mes de marzo o abril. Sobre ello en la emisi\u00f3n habitual del programa \u00abThe Hour of MMA\u00bb dijo el luchador estadounidense. \u00abLa pelea sigue en pie, no tiene fecha, ni lugar, pero la pelea entre [&hellip;]<\/p>\n","protected":false},"author":1,"featured_media":403113,"comment_status":"","ping_status":"open","sticky":false,"template":"","format":"standard","meta":{"footnotes":""},"categories":[1171],"tags":[33,224],"_links":{"self":[{"href":"https:\/\/wmmaa.org\/es\/wp-json\/wp\/v2\/posts\/403128"}],"collection":[{"href":"https:\/\/wmmaa.org\/es\/wp-json\/wp\/v2\/posts"}],"about":[{"href":"https:\/\/wmmaa.org\/es\/wp-json\/wp\/v2\/types\/post"}],"author":[{"embeddable":true,"href":"https:\/\/wmmaa.org\/es\/wp-json\/wp\/v2\/users\/1"}],"replies":[{"embeddable":true,"href":"https:\/\/wmmaa.org\/es\/wp-json\/wp\/v2\/comments?post=403128"}],"version-history":[{"count":0,"href":"https:\/\/wmmaa.org\/es\/wp-json\/wp\/v2\/posts\/403128\/revisions"}],"wp:featuredmedia":[{"embeddable":true,"href":"https:\/\/wmmaa.org\/es\/wp-json\/wp\/v2\/media\/403113"}],"wp:attachment":[{"href":"https:\/\/wmmaa.org\/es\/wp-json\/wp\/v2\/media?parent=403128"}],"wp:term":[{"taxonomy":"category","embeddable":true,"href":"https:\/\/wmmaa.org\/es\/wp-json\/wp\/v2\/categories?post=403128"},{"taxonomy":"post_tag","embeddable":true,"href":"https:\/\/wmmaa.org\/es\/wp-json\/wp\/v2\/tags?post=403128"}],"curies":[{"name":"wp","href":"https:\/\/api.w.org\/{rel}","templated":true}]}}