{"id":400060,"date":"2023-09-23T09:28:56","date_gmt":"2023-09-23T06:28:56","guid":{"rendered":"https:\/\/wmmaa.org\/jared-cannonier-se-enfrentara-a-roman-dolidze-en-un-combate-de-peso-gallo\/"},"modified":"2023-09-23T09:28:56","modified_gmt":"2023-09-23T06:28:56","slug":"jared-cannonier-se-enfrentara-a-roman-dolidze-en-un-combate-de-peso-gallo","status":"publish","type":"post","link":"https:\/\/wmmaa.org\/es\/jared-cannonier-se-enfrentara-a-roman-dolidze-en-un-combate-de-peso-gallo\/","title":{"rendered":"Jared Cannonier se enfrentar\u00e1 a Roman Dolidze en un combate de peso gallo"},"content":{"rendered":"<div id=\"feat-img-reg\" class=\"relative\">\n <img decoding=\"async\" src=\"https:\/\/wmmaa.org\/wp-content\/uploads\/2023\/09\/Jared-Cannonier-will-take-on-Roman-Dolidze-in-a-bantamweight.jpg\" alt=\"Jared Cannonier luchar\u00e1 contra Roman Dolidze\"><\/div>\n<div class=\"itemIntroText\">\n<p>Despu\u00e9s de perder su pelea con Derek Brunson, el n\u00famero 7 del peso medio de la UFC, Roman Dolidze, tiene la oportunidad de hacer una sonora declaraci\u00f3n en un posible combate de aspirantes contra Jared Cannonier, n\u00famero 4 de la clasificaci\u00f3n de la divisi\u00f3n.<\/p>\n<\/p>\n<\/div>\n<div class=\"itemFullText\">\n<p>El combate de peso medio, que tendr\u00e1 lugar el 2 de diciembre, ha sido anunciado por ESPN.<\/p>\n<p>Roman Dolidze, de 35 a\u00f1os, vio truncada su racha de cuatro victorias consecutivas en marzo, cuando perdi\u00f3 por decisi\u00f3n un\u00e1nime ante Marvin Vettori.<\/p>\n<p>El pasado mes de julio, Jared Cannonier intent\u00f3 sin \u00e9xito arrebatarle el cintur\u00f3n de campe\u00f3n a Israel Adesanya, perdiendo ante el nigeriano por decisi\u00f3n un\u00e1nime en cinco asaltos. Desde entonces, el estadounidense de 39 a\u00f1os ha encadenado dos victorias consecutivas, por decisi\u00f3n dividida sobre Sean Strickland y por decisi\u00f3n un\u00e1nime sobre Marvin Vettori, y hace dos semanas Cannonier asegur\u00f3 oficialmente el combate por el t\u00edtulo entre Adesanya y Strickland.<\/p>\n<p>Al parecer, el combate entre los pesos medios no ser\u00e1 el principal del evento.<\/p>\n<div id=\"mc-poll\"><\/div>\n<p>\/\/ <\/p>\n<\/p>\n<\/div>\n<p class=\"source-link\">Fuente: https:\/\/fighttime.ru\/news\/item\/32696-dzhared-kannonir-provedet-boj-s-romanom-dolidze.html?rand=19907<\/p>\n","protected":false},"excerpt":{"rendered":"<p>Despu\u00e9s de perder su pelea con Derek Brunson, el n\u00famero 7 del peso medio de la UFC, Roman Dolidze, tiene la oportunidad de hacer una sonora declaraci\u00f3n en un posible combate de aspirantes contra Jared Cannonier, n\u00famero 4 de la clasificaci\u00f3n de la divisi\u00f3n. El combate de peso medio, que tendr\u00e1 lugar el 2 de [&hellip;]<\/p>\n","protected":false},"author":1,"featured_media":400045,"comment_status":"","ping_status":"open","sticky":false,"template":"","format":"standard","meta":{"footnotes":""},"categories":[1171],"tags":[372,478],"_links":{"self":[{"href":"https:\/\/wmmaa.org\/es\/wp-json\/wp\/v2\/posts\/400060"}],"collection":[{"href":"https:\/\/wmmaa.org\/es\/wp-json\/wp\/v2\/posts"}],"about":[{"href":"https:\/\/wmmaa.org\/es\/wp-json\/wp\/v2\/types\/post"}],"author":[{"embeddable":true,"href":"https:\/\/wmmaa.org\/es\/wp-json\/wp\/v2\/users\/1"}],"replies":[{"embeddable":true,"href":"https:\/\/wmmaa.org\/es\/wp-json\/wp\/v2\/comments?post=400060"}],"version-history":[{"count":0,"href":"https:\/\/wmmaa.org\/es\/wp-json\/wp\/v2\/posts\/400060\/revisions"}],"wp:featuredmedia":[{"embeddable":true,"href":"https:\/\/wmmaa.org\/es\/wp-json\/wp\/v2\/media\/400045"}],"wp:attachment":[{"href":"https:\/\/wmmaa.org\/es\/wp-json\/wp\/v2\/media?parent=400060"}],"wp:term":[{"taxonomy":"category","embeddable":true,"href":"https:\/\/wmmaa.org\/es\/wp-json\/wp\/v2\/categories?post=400060"},{"taxonomy":"post_tag","embeddable":true,"href":"https:\/\/wmmaa.org\/es\/wp-json\/wp\/v2\/tags?post=400060"}],"curies":[{"name":"wp","href":"https:\/\/api.w.org\/{rel}","templated":true}]}}