{"id":397558,"date":"2023-09-06T09:08:42","date_gmt":"2023-09-06T06:08:42","guid":{"rendered":"https:\/\/wmmaa.org\/?p=397558"},"modified":"2023-09-06T09:08:42","modified_gmt":"2023-09-06T06:08:42","slug":"adesanya-califico-el-combate-entre-chimaev-y-costa-de-pelea-de-aspirantes","status":"publish","type":"post","link":"https:\/\/wmmaa.org\/es\/adesanya-califico-el-combate-entre-chimaev-y-costa-de-pelea-de-aspirantes\/","title":{"rendered":"Adesanya calific\u00f3 el combate entre Chimaev y Costa de pelea de aspirantes"},"content":{"rendered":"<div id=\"feat-img-reg\" class=\"relative\">\n <img decoding=\"async\" src=\"https:\/\/wmmaa.org\/wp-content\/uploads\/2023\/09\/Adesanya-called-the-fight-between-Chimaev-and-Costa-a-contender.jpg\" alt=\"Adesanya calific\u00f3 el combate entre Chimaev y Costa de pelea de contendientes\"><\/div>\n<div class=\"itemIntroText\">\n<p>Si Israel Adesanya consigue defender su t\u00edtulo de peso medio de la UFC contra Sean Strickland este fin de semana, su pr\u00f3ximo rival podr\u00eda ser el ganador de la pelea entre Hamzat Chimaev y Paulo Costa, en lugar del mejor clasificado de la divisi\u00f3n, Dricus Du Plessis.<\/p>\n<\/p>\n<\/div>\n<div class=\"itemFullText\">\n<blockquote>\n<p>\u00ab\u00a1Yo soy el campe\u00f3n y yo elijo las peleas, no t\u00fa, Drewcus!\u00bb, se dirigi\u00f3 el nigeriano al sudafricano mientras hablaba con los periodistas en Sydney. \u00abTienes que entenderlo: no puedes quedarte al margen y esperar que te den una oportunidad por el t\u00edtulo cuando te convenga. Si depende de m\u00ed, le dar\u00e9 una oportunidad al ganador del combate entre Chimaev y Costa, \u00a1no a ti!\u00bb.<\/p>\n<\/blockquote>\n<p>Dos meses antes, Dricus Du Plessis hab\u00eda logrado una sensacional victoria en un combate de aspirantes, noqueando a Robert Whittaker en el segundo asalto, pero perdi\u00f3 su oportunidad de luchar por el t\u00edtulo ante Sean Strickland, alegando una lesi\u00f3n en la pierna y falta de tiempo para preparar un combate por el campeonato.<\/p>\n<p>Como recordatorio, el combate por el t\u00edtulo del peso medio entre Adesanya y Strickland encabezar\u00e1 el UFC 293 en Sydney el 9 de septiembre, mientras que Chimaev y Costa compartir\u00e1n oct\u00e1gono el 21 de octubre en el UFC 294 en Abu Dhabi.<\/p>\n<\/p>\n<\/div>\n<p class=\"source-link\">Fuente: https:\/\/fighttime.ru\/news\/item\/32550-adesanya-nazval-pretendentskim-boj-chimaeva-i-kosty.html?rand=19907<\/p>\n","protected":false},"excerpt":{"rendered":"<p>Si Israel Adesanya consigue defender su t\u00edtulo de peso medio de la UFC contra Sean Strickland este fin de semana, su pr\u00f3ximo rival podr\u00eda ser el ganador de la pelea entre Hamzat Chimaev y Paulo Costa, en lugar del mejor clasificado de la divisi\u00f3n, Dricus Du Plessis. \u00ab\u00a1Yo soy el campe\u00f3n y yo elijo las [&hellip;]<\/p>\n","protected":false},"author":1,"featured_media":397549,"comment_status":"closed","ping_status":"open","sticky":false,"template":"","format":"standard","meta":{"footnotes":""},"categories":[1171],"tags":[19,56,252],"_links":{"self":[{"href":"https:\/\/wmmaa.org\/es\/wp-json\/wp\/v2\/posts\/397558"}],"collection":[{"href":"https:\/\/wmmaa.org\/es\/wp-json\/wp\/v2\/posts"}],"about":[{"href":"https:\/\/wmmaa.org\/es\/wp-json\/wp\/v2\/types\/post"}],"author":[{"embeddable":true,"href":"https:\/\/wmmaa.org\/es\/wp-json\/wp\/v2\/users\/1"}],"replies":[{"embeddable":true,"href":"https:\/\/wmmaa.org\/es\/wp-json\/wp\/v2\/comments?post=397558"}],"version-history":[{"count":0,"href":"https:\/\/wmmaa.org\/es\/wp-json\/wp\/v2\/posts\/397558\/revisions"}],"wp:featuredmedia":[{"embeddable":true,"href":"https:\/\/wmmaa.org\/es\/wp-json\/wp\/v2\/media\/397549"}],"wp:attachment":[{"href":"https:\/\/wmmaa.org\/es\/wp-json\/wp\/v2\/media?parent=397558"}],"wp:term":[{"taxonomy":"category","embeddable":true,"href":"https:\/\/wmmaa.org\/es\/wp-json\/wp\/v2\/categories?post=397558"},{"taxonomy":"post_tag","embeddable":true,"href":"https:\/\/wmmaa.org\/es\/wp-json\/wp\/v2\/tags?post=397558"}],"curies":[{"name":"wp","href":"https:\/\/api.w.org\/{rel}","templated":true}]}}