{"id":397417,"date":"2023-09-05T09:14:48","date_gmt":"2023-09-05T06:14:48","guid":{"rendered":"https:\/\/wmmaa.org\/?p=397417"},"modified":"2023-09-05T09:14:48","modified_gmt":"2023-09-05T06:14:48","slug":"el-sustituto-para-la-pelea-entre-adesanya-y-strickland-ha-sido-nombrado","status":"publish","type":"post","link":"https:\/\/wmmaa.org\/es\/el-sustituto-para-la-pelea-entre-adesanya-y-strickland-ha-sido-nombrado\/","title":{"rendered":"El sustituto para la pelea entre Adesanya y Strickland ha sido nombrado"},"content":{"rendered":"<div id=\"feat-img-reg\" class=\"relative\">\n <img decoding=\"async\" src=\"https:\/\/wmmaa.org\/wp-content\/uploads\/2023\/09\/The-replacement-for-the-fight-between-Adesanya-and-Strickland-has.jpg\" alt=\"Un reemplazo para la pelea entre Adesanya y Strickland ha sido nombrado\"><\/div>\n<div class=\"itemIntroText\">\n<p>El n\u00famero 3 del ranking de peso medio de la UFC, Jared Cannonier, asegurar\u00e1 oficialmente la pelea por el t\u00edtulo de este fin de semana entre Israel Adesanya y Sean Strickland encabeza el UFC 293 en Sydney el 9 de septiembre.<\/p>\n<\/p>\n<\/div>\n<div class=\"itemFullText\">\n<p>El estadounidense declar\u00f3 a la publicaci\u00f3n MMA Junkie tras llegar al continente australiano el d\u00eda anterior.<\/p>\n<p>El pasado mes de julio, Jared Cannonier intent\u00f3 sin \u00e9xito arrebatarle el cintur\u00f3n de campe\u00f3n a Israel Adesanya, perdiendo ante el nigeriano por decisi\u00f3n un\u00e1nime en cinco asaltos. A continuaci\u00f3n, el estadounidense de 39 a\u00f1os encaden\u00f3 dos victorias consecutivas, al imponerse por decisi\u00f3n dividida a Sean Strickland y por decisi\u00f3n un\u00e1nime a Marvin Vettori.<\/p>\n<p>Por encima de Cannonier en la clasificaci\u00f3n se encuentran Robert Whittaker y Dricus Du Plessis, segundo y primero de la divisi\u00f3n, respectivamente. El sudafricano noque\u00f3 sensacionalmente al australiano en un combate de aspirantes en julio, pero se neg\u00f3 a disputar un combate contra el campe\u00f3n dos meses despu\u00e9s, concediendo una oportunidad por el t\u00edtulo a Strickland.<\/p>\n<\/p>\n<\/div>\n<p class=\"source-link\">Fuente: https:\/\/fighttime.ru\/news\/item\/32541-nazvan-zapasnoj-uchastnik-boya-mezhdu-adesanej-i-striklendom.html?rand=19907<\/p>\n","protected":false},"excerpt":{"rendered":"<p>El n\u00famero 3 del ranking de peso medio de la UFC, Jared Cannonier, asegurar\u00e1 oficialmente la pelea por el t\u00edtulo de este fin de semana entre Israel Adesanya y Sean Strickland encabeza el UFC 293 en Sydney el 9 de septiembre. El estadounidense declar\u00f3 a la publicaci\u00f3n MMA Junkie tras llegar al continente australiano el [&hellip;]<\/p>\n","protected":false},"author":1,"featured_media":397405,"comment_status":"closed","ping_status":"open","sticky":false,"template":"","format":"standard","meta":{"footnotes":""},"categories":[1171],"tags":[19,372,386,4322],"_links":{"self":[{"href":"https:\/\/wmmaa.org\/es\/wp-json\/wp\/v2\/posts\/397417"}],"collection":[{"href":"https:\/\/wmmaa.org\/es\/wp-json\/wp\/v2\/posts"}],"about":[{"href":"https:\/\/wmmaa.org\/es\/wp-json\/wp\/v2\/types\/post"}],"author":[{"embeddable":true,"href":"https:\/\/wmmaa.org\/es\/wp-json\/wp\/v2\/users\/1"}],"replies":[{"embeddable":true,"href":"https:\/\/wmmaa.org\/es\/wp-json\/wp\/v2\/comments?post=397417"}],"version-history":[{"count":0,"href":"https:\/\/wmmaa.org\/es\/wp-json\/wp\/v2\/posts\/397417\/revisions"}],"wp:featuredmedia":[{"embeddable":true,"href":"https:\/\/wmmaa.org\/es\/wp-json\/wp\/v2\/media\/397405"}],"wp:attachment":[{"href":"https:\/\/wmmaa.org\/es\/wp-json\/wp\/v2\/media?parent=397417"}],"wp:term":[{"taxonomy":"category","embeddable":true,"href":"https:\/\/wmmaa.org\/es\/wp-json\/wp\/v2\/categories?post=397417"},{"taxonomy":"post_tag","embeddable":true,"href":"https:\/\/wmmaa.org\/es\/wp-json\/wp\/v2\/tags?post=397417"}],"curies":[{"name":"wp","href":"https:\/\/api.w.org\/{rel}","templated":true}]}}