{"id":397234,"date":"2023-09-03T18:30:42","date_gmt":"2023-09-03T15:30:42","guid":{"rendered":"https:\/\/wmmaa.org\/khabib-nurmagomedov-hizo-una-valoracion-de-su-forma-fisica\/"},"modified":"2023-09-03T18:30:42","modified_gmt":"2023-09-03T15:30:42","slug":"khabib-nurmagomedov-hizo-una-valoracion-de-su-forma-fisica","status":"publish","type":"post","link":"https:\/\/wmmaa.org\/es\/khabib-nurmagomedov-hizo-una-valoracion-de-su-forma-fisica\/","title":{"rendered":"Khabib Nurmagomedov hizo una valoraci\u00f3n de su forma f\u00edsica"},"content":{"rendered":"<div id=\"feat-img-reg\" class=\"relative\">\n <img decoding=\"async\" src=\"https:\/\/wmmaa.org\/wp-content\/uploads\/2023\/09\/Khabib-Nurmagomedov-gave-an-assessment-of-his-physical-form.jpg\" alt=\"Khabib Nurmagomedov dio una evaluaci\u00f3n de su forma f\u00edsica\"><\/div>\n<div class=\"itemIntroText\">\n<p>El excampe\u00f3n de peso ligero de la UFC, Khabib Nurmagomedov, valor\u00f3 su forma f\u00edsica actual, y tambi\u00e9n habl\u00f3 sobre qu\u00e9 tipos de entrenamiento prefiere tras el final de su carrera profesional.<\/p>\n<\/p>\n<\/div>\n<div class=\"itemFullText\">\n<blockquote>\n<p>\u00abEmpecemos por el hecho de que siempre he sido autocr\u00edtico: incluso cuando estaba en gran forma, siempre dije que hay espacio para crecer\u00bb, dijo el ruso en una entrevista con Gorilla Fighting. \u00abEn cuanto a la forma de lucha, no hago sparring, pero puedo luchar &#8211; 20-30 minutos lucho todos los d\u00edas. En forma de carrera, soy un C-plus. Un notable estar\u00eda bien, pero creo que un sobresaliente ser\u00eda mejor\u00bb.<\/p>\n<p>\u00abEstoy balanceando m\u00e1s ahora &#8211; empec\u00e9 a entrenar con hierro, empec\u00e9 a empujar el hierro un poco. Antes no lo hac\u00eda, porque en cuanto tocaba el hierro, me costaba manejar el peso, ganar masa muscular.\u00bb<\/p>\n<\/blockquote>\n<p>Khabib Nurmagomedov, de 34 a\u00f1os, pele\u00f3 por \u00faltima vez en octubre de 2020, unificando con \u00e9xito los t\u00edtulos actual e interino del peso ligero de la UFC contra el estadounidense Justin Gaethje, y el invicto luchador ruso fue incluido en el Sal\u00f3n de la Fama de la UFC el pasado verano.<\/p>\n<\/p>\n<\/div>\n<p class=\"source-link\">Fuente: https:\/\/fighttime.ru\/news\/item\/32531-khabib-nurmagomedov-dal-otsenku-svoej-fizicheskoj-forme.html?rand=19907<\/p>\n","protected":false},"excerpt":{"rendered":"<p>El excampe\u00f3n de peso ligero de la UFC, Khabib Nurmagomedov, valor\u00f3 su forma f\u00edsica actual, y tambi\u00e9n habl\u00f3 sobre qu\u00e9 tipos de entrenamiento prefiere tras el final de su carrera profesional. \u00abEmpecemos por el hecho de que siempre he sido autocr\u00edtico: incluso cuando estaba en gran forma, siempre dije que hay espacio para crecer\u00bb, dijo [&hellip;]<\/p>\n","protected":false},"author":1,"featured_media":397225,"comment_status":"","ping_status":"open","sticky":false,"template":"","format":"standard","meta":{"footnotes":""},"categories":[1171],"tags":[16],"_links":{"self":[{"href":"https:\/\/wmmaa.org\/es\/wp-json\/wp\/v2\/posts\/397234"}],"collection":[{"href":"https:\/\/wmmaa.org\/es\/wp-json\/wp\/v2\/posts"}],"about":[{"href":"https:\/\/wmmaa.org\/es\/wp-json\/wp\/v2\/types\/post"}],"author":[{"embeddable":true,"href":"https:\/\/wmmaa.org\/es\/wp-json\/wp\/v2\/users\/1"}],"replies":[{"embeddable":true,"href":"https:\/\/wmmaa.org\/es\/wp-json\/wp\/v2\/comments?post=397234"}],"version-history":[{"count":0,"href":"https:\/\/wmmaa.org\/es\/wp-json\/wp\/v2\/posts\/397234\/revisions"}],"wp:featuredmedia":[{"embeddable":true,"href":"https:\/\/wmmaa.org\/es\/wp-json\/wp\/v2\/media\/397225"}],"wp:attachment":[{"href":"https:\/\/wmmaa.org\/es\/wp-json\/wp\/v2\/media?parent=397234"}],"wp:term":[{"taxonomy":"category","embeddable":true,"href":"https:\/\/wmmaa.org\/es\/wp-json\/wp\/v2\/categories?post=397234"},{"taxonomy":"post_tag","embeddable":true,"href":"https:\/\/wmmaa.org\/es\/wp-json\/wp\/v2\/tags?post=397234"}],"curies":[{"name":"wp","href":"https:\/\/api.w.org\/{rel}","templated":true}]}}