{"id":396391,"date":"2023-08-28T17:26:43","date_gmt":"2023-08-28T14:26:43","guid":{"rendered":"https:\/\/wmmaa.org\/dustin-puryear-ha-hecho-una-declaracion-sobre-su-inminente-regreso-al-octagono\/"},"modified":"2023-08-28T17:26:43","modified_gmt":"2023-08-28T14:26:43","slug":"dustin-puryear-ha-hecho-una-declaracion-sobre-su-inminente-regreso-al-octagono","status":"publish","type":"post","link":"https:\/\/wmmaa.org\/es\/dustin-puryear-ha-hecho-una-declaracion-sobre-su-inminente-regreso-al-octagono\/","title":{"rendered":"Dustin Puryear ha hecho una declaraci\u00f3n sobre su inminente regreso al oct\u00e1gono"},"content":{"rendered":"<div id=\"feat-img-reg\" class=\"relative\">\n <img decoding=\"async\" src=\"https:\/\/wmmaa.org\/wp-content\/uploads\/2023\/08\/Dustin-Puryear-has-made-a-statement-about-his-imminent-return.jpg\" alt=\"Dustin Porier ha hecho una declaraci\u00f3n sobre su inminente regreso al oct\u00e1gono\"><\/div>\n<div class=\"itemIntroText\">\n<p>El ex campe\u00f3n interino del peso ligero de la UFC, Dustin Porier, que sufri\u00f3 una derrota prematura en un combate de aspirantes contra Justin Gaethje hace un mes, tiene previsto regresar al oct\u00e1gono antes de que finalice este a\u00f1o.<\/p>\n<\/p>\n<\/div>\n<div class=\"itemFullText\">\n<blockquote>\n<p>\u00abVolver\u00e9 a pelear este a\u00f1o\u00bb, escribi\u00f3 \u00abDiamond\u00bb en las redes sociales.<\/p>\n<\/blockquote>\n<p>El 29 de julio en el UFC 291 en Salt Lake City, Justin Gaethje noque\u00f3 a Dustin Porier con una patada en la cabeza en el segundo asalto, convirti\u00e9ndose en el titular de la BMF y principal candidato para luchar contra el ganador de la pelea por el t\u00edtulo entre Islam Makhachev y Charles Oliveira.<\/p>\n<p>Despu\u00e9s de la pelea, Puryear declar\u00f3 que pelear\u00eda su pr\u00f3xima pelea en el peso welter, y luego dej\u00f3 claro que estaba dispuesto a quedarse en la divisi\u00f3n de peso ligero si se le permit\u00eda completar su trilog\u00eda con Gaethje.<\/p>\n<p>Dustin Porier ocupa actualmente el tercer puesto en la clasificaci\u00f3n de pesos ligeros de la UFC.<\/p>\n<\/p>\n<\/div>\n<p class=\"source-link\">Fuente: https:\/\/fighttime.ru\/news\/item\/32485-dastin-pore-sdelal-zayavlenie-o-skorom-vozvrashchenii-v-oktagon.html?rand=19907<\/p>\n","protected":false},"excerpt":{"rendered":"<p>El ex campe\u00f3n interino del peso ligero de la UFC, Dustin Porier, que sufri\u00f3 una derrota prematura en un combate de aspirantes contra Justin Gaethje hace un mes, tiene previsto regresar al oct\u00e1gono antes de que finalice este a\u00f1o. \u00abVolver\u00e9 a pelear este a\u00f1o\u00bb, escribi\u00f3 \u00abDiamond\u00bb en las redes sociales. El 29 de julio en [&hellip;]<\/p>\n","protected":false},"author":1,"featured_media":396377,"comment_status":"","ping_status":"open","sticky":false,"template":"","format":"standard","meta":{"footnotes":""},"categories":[1171],"tags":[4665],"_links":{"self":[{"href":"https:\/\/wmmaa.org\/es\/wp-json\/wp\/v2\/posts\/396391"}],"collection":[{"href":"https:\/\/wmmaa.org\/es\/wp-json\/wp\/v2\/posts"}],"about":[{"href":"https:\/\/wmmaa.org\/es\/wp-json\/wp\/v2\/types\/post"}],"author":[{"embeddable":true,"href":"https:\/\/wmmaa.org\/es\/wp-json\/wp\/v2\/users\/1"}],"replies":[{"embeddable":true,"href":"https:\/\/wmmaa.org\/es\/wp-json\/wp\/v2\/comments?post=396391"}],"version-history":[{"count":0,"href":"https:\/\/wmmaa.org\/es\/wp-json\/wp\/v2\/posts\/396391\/revisions"}],"wp:featuredmedia":[{"embeddable":true,"href":"https:\/\/wmmaa.org\/es\/wp-json\/wp\/v2\/media\/396377"}],"wp:attachment":[{"href":"https:\/\/wmmaa.org\/es\/wp-json\/wp\/v2\/media?parent=396391"}],"wp:term":[{"taxonomy":"category","embeddable":true,"href":"https:\/\/wmmaa.org\/es\/wp-json\/wp\/v2\/categories?post=396391"},{"taxonomy":"post_tag","embeddable":true,"href":"https:\/\/wmmaa.org\/es\/wp-json\/wp\/v2\/tags?post=396391"}],"curies":[{"name":"wp","href":"https:\/\/api.w.org\/{rel}","templated":true}]}}