{"id":395165,"date":"2023-08-20T18:47:55","date_gmt":"2023-08-20T15:47:55","guid":{"rendered":"https:\/\/wmmaa.org\/stephen-thompson-ha-rechazado-una-pelea-con-ian-machado-garry\/"},"modified":"2023-08-20T18:47:55","modified_gmt":"2023-08-20T15:47:55","slug":"stephen-thompson-ha-rechazado-una-pelea-con-ian-machado-garry","status":"publish","type":"post","link":"https:\/\/wmmaa.org\/es\/stephen-thompson-ha-rechazado-una-pelea-con-ian-machado-garry\/","title":{"rendered":"Stephen Thompson ha rechazado una pelea con Ian Machado Garry"},"content":{"rendered":"<div id=\"feat-img-reg\" class=\"relative\">\n <img decoding=\"async\" src=\"https:\/\/wmmaa.org\/wp-content\/uploads\/2023\/08\/Stephen-Thompson-has-turned-down-a-fight-with-Ian-Machado.jpg\" alt=\"Stephen Thompson ha rechazado una pelea con Ian Machado Garry\"><\/div>\n<div class=\"itemIntroText\">\n<p>El ex aspirante al t\u00edtulo del peso welter de la UFC Stephen Thompson, que hace tres semanas rechaz\u00f3 una pelea con el fracasado aspirante al peso pluma Michel Pereira, ha rechazado una oferta de los emparejadores de la liga para compartir el oct\u00e1gono con Ian Machado Garry en el UFC 292 de Boston.<\/p>\n<\/p>\n<\/div>\n<div class=\"itemFullText\">\n<p>El anuncio fue hecho en una rueda de prensa posterior al evento por el presidente de la UFC, Dana White.<\/p>\n<blockquote>\n<p>\u00abVanderboegh se neg\u00f3 a pelear contra Ian Garry esta noche\u00bb, declar\u00f3 el dirigente de la organizaci\u00f3n.<\/p>\n<\/blockquote>\n<p>El invicto Ian Machado Garry estaba programado originalmente para luchar contra Jeff Neil, sin embargo, el estadounidense se retir\u00f3 de la pelea debido a problemas de salud y su lugar en la tarjeta del evento numerado fue ocupado por Neil Magny, quien perdi\u00f3 ante el irland\u00e9s por decisi\u00f3n un\u00e1nime en tres asaltos.<\/p>\n<p>La semana pasada, Dana White anunci\u00f3 que si Stephen Thompson no quiere volver al oct\u00e1gono pronto, le reembolsar\u00e1n el campamento de entrenamiento que ha tenido. Al parecer, a Vanderboegh, de 40 a\u00f1os, no le pareci\u00f3 atractiva la idea de pelear con poca antelaci\u00f3n contra el invicto irland\u00e9s de 25 a\u00f1os, y declin\u00f3 la oferta.<\/p>\n<\/p>\n<\/div>\n<p class=\"source-link\">Fuente: https:\/\/fighttime.ru\/news\/item\/32419-stiven-tompson-otkazalsya-ot-boya-s-jenom-machado-gerri.html?rand=19907<\/p>\n","protected":false},"excerpt":{"rendered":"<p>El ex aspirante al t\u00edtulo del peso welter de la UFC Stephen Thompson, que hace tres semanas rechaz\u00f3 una pelea con el fracasado aspirante al peso pluma Michel Pereira, ha rechazado una oferta de los emparejadores de la liga para compartir el oct\u00e1gono con Ian Machado Garry en el UFC 292 de Boston. El anuncio [&hellip;]<\/p>\n","protected":false},"author":1,"featured_media":395154,"comment_status":"","ping_status":"open","sticky":false,"template":"","format":"standard","meta":{"footnotes":""},"categories":[1171],"tags":[4401,104],"_links":{"self":[{"href":"https:\/\/wmmaa.org\/es\/wp-json\/wp\/v2\/posts\/395165"}],"collection":[{"href":"https:\/\/wmmaa.org\/es\/wp-json\/wp\/v2\/posts"}],"about":[{"href":"https:\/\/wmmaa.org\/es\/wp-json\/wp\/v2\/types\/post"}],"author":[{"embeddable":true,"href":"https:\/\/wmmaa.org\/es\/wp-json\/wp\/v2\/users\/1"}],"replies":[{"embeddable":true,"href":"https:\/\/wmmaa.org\/es\/wp-json\/wp\/v2\/comments?post=395165"}],"version-history":[{"count":0,"href":"https:\/\/wmmaa.org\/es\/wp-json\/wp\/v2\/posts\/395165\/revisions"}],"wp:featuredmedia":[{"embeddable":true,"href":"https:\/\/wmmaa.org\/es\/wp-json\/wp\/v2\/media\/395154"}],"wp:attachment":[{"href":"https:\/\/wmmaa.org\/es\/wp-json\/wp\/v2\/media?parent=395165"}],"wp:term":[{"taxonomy":"category","embeddable":true,"href":"https:\/\/wmmaa.org\/es\/wp-json\/wp\/v2\/categories?post=395165"},{"taxonomy":"post_tag","embeddable":true,"href":"https:\/\/wmmaa.org\/es\/wp-json\/wp\/v2\/tags?post=395165"}],"curies":[{"name":"wp","href":"https:\/\/api.w.org\/{rel}","templated":true}]}}