{"id":394335,"date":"2023-08-15T09:07:46","date_gmt":"2023-08-15T06:07:46","guid":{"rendered":"https:\/\/wmmaa.org\/aljamain-sterling-confirma-su-ascenso-al-peso-welter\/"},"modified":"2023-08-15T09:07:46","modified_gmt":"2023-08-15T06:07:46","slug":"aljamain-sterling-confirma-su-ascenso-al-peso-welter","status":"publish","type":"post","link":"https:\/\/wmmaa.org\/es\/aljamain-sterling-confirma-su-ascenso-al-peso-welter\/","title":{"rendered":"Aljamain Sterling confirma su ascenso al peso welter"},"content":{"rendered":"<div id=\"feat-img-reg\" class=\"relative\">\n <img decoding=\"async\" src=\"https:\/\/wmmaa.org\/wp-content\/uploads\/2023\/08\/Aljamain-Sterling-has-confirmed-a-move-up-to-welterweight.jpg\" alt=\"Aljamain Sterling confirma su ascenso al peso welter\"><\/div>\n<div class=\"itemIntroText\">\n<p>Independientemente de c\u00f3mo termine el combate por el t\u00edtulo entre Aljamain Sterling y Sean O&#8217;Malley, ser\u00e1 la \u00faltima aparici\u00f3n del actual campe\u00f3n del peso ligero de la UFC.<\/p>\n<\/p>\n<\/div>\n<div class=\"itemFullText\">\n<p>Sterling hizo el anuncio en la edici\u00f3n regular del programa The MMA Hour.<\/p>\n<blockquote>\n<p>\u00abLo m\u00e1s probable es que esta sea mi \u00faltima pelea en el peso mosca\u00bb, declar\u00f3 el estadounidense. \u00abHay un 99% de posibilidades de que eso ocurra. Si gano, es el 100%. Y ganar\u00e9 esta pelea, pueden estar seguros, y me ir\u00e9. Es la hora de Merab Dvalishvili\u00bb.<\/p>\n<\/blockquote>\n<p>El combate por el t\u00edtulo del peso mosca entre Aljamain Sterling y Sean O&#8217;Malley ser\u00e1 el evento principal del UFC 292, que se celebrar\u00e1 el 19 de agosto en Boston.<\/p>\n<p>Si Sterling sale victorioso este fin de semana, tendr\u00e1 cuatro defensas exitosas del cintur\u00f3n de campe\u00f3n que reclam\u00f3 en marzo de 2021 con una victoria por descalificaci\u00f3n sobre Peter Yan.<\/p>\n<\/p>\n<\/div>\n<p class=\"source-link\">Fuente: https:\/\/fighttime.ru\/news\/item\/32366-aldzhamejn-sterling-podtverdil-perekhod-v-polulegkij-ves.html?rand=19907<\/p>\n","protected":false},"excerpt":{"rendered":"<p>Independientemente de c\u00f3mo termine el combate por el t\u00edtulo entre Aljamain Sterling y Sean O&#8217;Malley, ser\u00e1 la \u00faltima aparici\u00f3n del actual campe\u00f3n del peso ligero de la UFC. Sterling hizo el anuncio en la edici\u00f3n regular del programa The MMA Hour. \u00abLo m\u00e1s probable es que esta sea mi \u00faltima pelea en el peso mosca\u00bb, [&hellip;]<\/p>\n","protected":false},"author":1,"featured_media":394319,"comment_status":"","ping_status":"open","sticky":false,"template":"","format":"standard","meta":{"footnotes":""},"categories":[1171],"tags":[23,121,4273],"_links":{"self":[{"href":"https:\/\/wmmaa.org\/es\/wp-json\/wp\/v2\/posts\/394335"}],"collection":[{"href":"https:\/\/wmmaa.org\/es\/wp-json\/wp\/v2\/posts"}],"about":[{"href":"https:\/\/wmmaa.org\/es\/wp-json\/wp\/v2\/types\/post"}],"author":[{"embeddable":true,"href":"https:\/\/wmmaa.org\/es\/wp-json\/wp\/v2\/users\/1"}],"replies":[{"embeddable":true,"href":"https:\/\/wmmaa.org\/es\/wp-json\/wp\/v2\/comments?post=394335"}],"version-history":[{"count":0,"href":"https:\/\/wmmaa.org\/es\/wp-json\/wp\/v2\/posts\/394335\/revisions"}],"wp:featuredmedia":[{"embeddable":true,"href":"https:\/\/wmmaa.org\/es\/wp-json\/wp\/v2\/media\/394319"}],"wp:attachment":[{"href":"https:\/\/wmmaa.org\/es\/wp-json\/wp\/v2\/media?parent=394335"}],"wp:term":[{"taxonomy":"category","embeddable":true,"href":"https:\/\/wmmaa.org\/es\/wp-json\/wp\/v2\/categories?post=394335"},{"taxonomy":"post_tag","embeddable":true,"href":"https:\/\/wmmaa.org\/es\/wp-json\/wp\/v2\/tags?post=394335"}],"curies":[{"name":"wp","href":"https:\/\/api.w.org\/{rel}","templated":true}]}}