{"id":385160,"date":"2023-05-23T09:46:49","date_gmt":"2023-05-23T06:46:49","guid":{"rendered":"https:\/\/wmmaa.org\/dustin-poirier-luchar-con-gaethje-sera-una-guerra-nos-espera-una-colision-frontal\/"},"modified":"2023-05-23T09:46:49","modified_gmt":"2023-05-23T06:46:49","slug":"dustin-poirier-luchar-con-gaethje-sera-una-guerra-nos-espera-una-colision-frontal","status":"publish","type":"post","link":"https:\/\/wmmaa.org\/es\/dustin-poirier-luchar-con-gaethje-sera-una-guerra-nos-espera-una-colision-frontal\/","title":{"rendered":"Dustin Poirier: Luchar con Gaethje ser\u00e1 una guerra: nos espera una colisi\u00f3n frontal"},"content":{"rendered":"<div id=\"feat-img-reg\" class=\"relative\">\n <img decoding=\"async\" src=\"https:\/\/wmmaa.org\/wp-content\/uploads\/2023\/05\/2415502ff872a286d0d20b05030c78fe_XL.jpg\" alt=\"Dustin Poirier: Luchar con Gaethje ser\u00e1 una guerra: nos espera una colisi\u00f3n frontal\"><\/div>\n<div class=\"itemIntroText\">\n<p>El ex campe\u00f3n interino de peso ligero de UFC, Dustin Poirier, comparti\u00f3 sus pensamientos sobre su pr\u00f3xima pelea con Justin Gaethje, quien encabezar\u00e1 UFC 291 en Salt Lake City el 29 de julio.<\/p>\n<\/p>\n<\/div>\n<div class=\"itemFullText\">\n<blockquote>\n<p>\u201cSi esta pelea no te emociona, no eres fan\u00e1tico de las artes marciales, porque esto ser\u00e1 una guerra\u201d, dijo Poirier en la pr\u00f3xima edici\u00f3n del programa MMA Hour. \u201cS\u00e9 lo que me espera: va a ser una colisi\u00f3n frontal y no voy a esquivarla. Esto es lo que quiero y espero. Me motiva y me emociona\u201d.<\/p>\n<\/blockquote>\n<p>Si bien esta revancha lo motiva por s\u00ed sola, el estadounidense admite que el t\u00edtulo de BMF lo hace a\u00fan m\u00e1s emocionante.<\/p>\n<blockquote>\n<p>\u201cEsta pelea podr\u00eda encabezar el espect\u00e1culo sin un t\u00edtulo BMF porque es una pelea emocionante, pero el cintur\u00f3n le dar\u00e1 a\u00fan m\u00e1s inter\u00e9s. Si este cintur\u00f3n est\u00e1 en mi cintura en julio, no voy a pretender que soy el campe\u00f3n indiscutible, pero ser\u00e1 genial. Me encantar\u00eda verlo en mi pared de trofeos. Estoy muy motivado porque esta es una pelea que consolida mi legado\u00bb.<\/p>\n<\/blockquote>\n<p>Brilliant tambi\u00e9n respondi\u00f3 a la pregunta de si planea, en caso de ganar, vencer al ganador de la pelea entre Charles Oliveira y Benil Dariush, quien compartir\u00e1 el oct\u00e1gono el 10 de junio en UFC 289 en Vancouver, en la carrera de Candidatos.<\/p>\n<blockquote>\n<p>\u201cSi Benil Dariush sale y gana, no podemos decir que no a su oportunidad por el t\u00edtulo, \u00bfverdad? Por otro lado, es un negocio de lucha, lo cual es injusto, as\u00ed que lucharemos y luego veremos c\u00f3mo va\u00bb.<\/p>\n<\/blockquote>\n<\/div>\n<p class=\"source-link\">Fuente: https:\/\/fighttime.ru\/news\/item\/31624-dastin-pore-boj-s-gejtzhi-budet-vojnoj-nas-zhdet-lobovoe-stolknovenie.html?rand=19907<\/p>\n","protected":false},"excerpt":{"rendered":"<p>El ex campe\u00f3n interino de peso ligero de UFC, Dustin Poirier, comparti\u00f3 sus pensamientos sobre su pr\u00f3xima pelea con Justin Gaethje, quien encabezar\u00e1 UFC 291 en Salt Lake City el 29 de julio. \u201cSi esta pelea no te emociona, no eres fan\u00e1tico de las artes marciales, porque esto ser\u00e1 una guerra\u201d, dijo Poirier en la [&hellip;]<\/p>\n","protected":false},"author":1,"featured_media":385149,"comment_status":"","ping_status":"open","sticky":false,"template":"","format":"standard","meta":{"footnotes":""},"categories":[1171],"tags":[96,223,4079],"_links":{"self":[{"href":"https:\/\/wmmaa.org\/es\/wp-json\/wp\/v2\/posts\/385160"}],"collection":[{"href":"https:\/\/wmmaa.org\/es\/wp-json\/wp\/v2\/posts"}],"about":[{"href":"https:\/\/wmmaa.org\/es\/wp-json\/wp\/v2\/types\/post"}],"author":[{"embeddable":true,"href":"https:\/\/wmmaa.org\/es\/wp-json\/wp\/v2\/users\/1"}],"replies":[{"embeddable":true,"href":"https:\/\/wmmaa.org\/es\/wp-json\/wp\/v2\/comments?post=385160"}],"version-history":[{"count":0,"href":"https:\/\/wmmaa.org\/es\/wp-json\/wp\/v2\/posts\/385160\/revisions"}],"wp:featuredmedia":[{"embeddable":true,"href":"https:\/\/wmmaa.org\/es\/wp-json\/wp\/v2\/media\/385149"}],"wp:attachment":[{"href":"https:\/\/wmmaa.org\/es\/wp-json\/wp\/v2\/media?parent=385160"}],"wp:term":[{"taxonomy":"category","embeddable":true,"href":"https:\/\/wmmaa.org\/es\/wp-json\/wp\/v2\/categories?post=385160"},{"taxonomy":"post_tag","embeddable":true,"href":"https:\/\/wmmaa.org\/es\/wp-json\/wp\/v2\/tags?post=385160"}],"curies":[{"name":"wp","href":"https:\/\/api.w.org\/{rel}","templated":true}]}}