{"id":384371,"date":"2023-05-17T19:27:47","date_gmt":"2023-05-17T16:27:47","guid":{"rendered":"https:\/\/wmmaa.org\/islam-makhachev-reacciono-a-la-pelea-por-el-titulo-entre-poirier-y-gaethje\/"},"modified":"2023-05-17T19:27:47","modified_gmt":"2023-05-17T16:27:47","slug":"islam-makhachev-reacciono-a-la-pelea-por-el-titulo-entre-poirier-y-gaethje","status":"publish","type":"post","link":"https:\/\/wmmaa.org\/es\/islam-makhachev-reacciono-a-la-pelea-por-el-titulo-entre-poirier-y-gaethje\/","title":{"rendered":"Islam Makhachev reaccion\u00f3 a la pelea por el t\u00edtulo entre Poirier y Gaethje"},"content":{"rendered":"<div id=\"feat-img-reg\" class=\"relative\">\n <img decoding=\"async\" src=\"https:\/\/wmmaa.org\/wp-content\/uploads\/2023\/05\/a6cc11d55ffecce2c3c20facc2197031_XL.jpg\" alt=\"Islam Makhachev reaccion\u00f3 a la pelea por el t\u00edtulo entre Poirier y Gaethje\"><\/div>\n<div class=\"itemIntroText\">\n<p>El actual campe\u00f3n de peso ligero de UFC, Islam Makhachev, se dio cuenta de la noticia de que la pelea entre Dustin Poirier y Justin Gaethje por el t\u00edtulo vacante de BMF el 29 de julio encabezar\u00e1 UFC 291 en Salt Lake City.<\/p>\n<\/p>\n<\/div>\n<div class=\"itemFullText\">\n<blockquote>\n<p>\u201cTe mereces este t\u00edtulo)))\u201d, escribi\u00f3 la rusa en una red social, comentando la noticia sobre la organizaci\u00f3n de la pelea.<\/p>\n<\/blockquote>\n<p>Si no fuera por los corchetes sonrientes al final de la frase, se podr\u00eda suponer que con esta frase Makhachev not\u00f3 el esp\u00edritu de lucha de los estadounidenses y el hecho de que el ganador de esta confrontaci\u00f3n ser\u00eda merecidamente llamado el \u00abAsesino m\u00e1s peligroso\u00bb. \u201d, pero en ese contexto lo m\u00e1s probable es que el campe\u00f3n le haya dejado claro a sus compa\u00f1eros de divisi\u00f3n que ese era el \u00fanico t\u00edtulo que se merec\u00edan.<\/p>\n<p>Seg\u00fan el plan de UFC, Islam Makhachev har\u00e1 su pr\u00f3xima defensa del t\u00edtulo el 21 de octubre en UFC 294 en Abu Dhabi contra el ganador de la pelea entre Benil Dariush y Charles Oliveira, pero si el brasile\u00f1o vence al estadounidense, el nuevo poseedor del t\u00edtulo BMF podr\u00eda superar al ex campe\u00f3n de divisi\u00f3n en la carrera por el t\u00edtulo.<\/p>\n<p>Recordemos que la pelea entre Dustin Poirier y Justin Gaethje ser\u00e1 una revancha: su primera pelea se llev\u00f3 a cabo en abril de 2018 y termin\u00f3 con la victoria de \u00abBrilliant\u00bb por nocaut t\u00e9cnico en el cuarto asalto.<\/p>\n<\/p>\n<\/div>\n<p class=\"source-link\">Fuente: https:\/\/fighttime.ru\/news\/item\/31581-islam-makhachev-otreagiroval-na-titulnyj-boj-pore-i-gejtzhi.html?rand=19907<\/p>\n","protected":false},"excerpt":{"rendered":"<p>El actual campe\u00f3n de peso ligero de UFC, Islam Makhachev, se dio cuenta de la noticia de que la pelea entre Dustin Poirier y Justin Gaethje por el t\u00edtulo vacante de BMF el 29 de julio encabezar\u00e1 UFC 291 en Salt Lake City. \u201cTe mereces este t\u00edtulo)))\u201d, escribi\u00f3 la rusa en una red social, comentando [&hellip;]<\/p>\n","protected":false},"author":1,"featured_media":384361,"comment_status":"","ping_status":"open","sticky":false,"template":"","format":"standard","meta":{"footnotes":""},"categories":[1171],"tags":[96,1361,223,4079],"_links":{"self":[{"href":"https:\/\/wmmaa.org\/es\/wp-json\/wp\/v2\/posts\/384371"}],"collection":[{"href":"https:\/\/wmmaa.org\/es\/wp-json\/wp\/v2\/posts"}],"about":[{"href":"https:\/\/wmmaa.org\/es\/wp-json\/wp\/v2\/types\/post"}],"author":[{"embeddable":true,"href":"https:\/\/wmmaa.org\/es\/wp-json\/wp\/v2\/users\/1"}],"replies":[{"embeddable":true,"href":"https:\/\/wmmaa.org\/es\/wp-json\/wp\/v2\/comments?post=384371"}],"version-history":[{"count":0,"href":"https:\/\/wmmaa.org\/es\/wp-json\/wp\/v2\/posts\/384371\/revisions"}],"wp:featuredmedia":[{"embeddable":true,"href":"https:\/\/wmmaa.org\/es\/wp-json\/wp\/v2\/media\/384361"}],"wp:attachment":[{"href":"https:\/\/wmmaa.org\/es\/wp-json\/wp\/v2\/media?parent=384371"}],"wp:term":[{"taxonomy":"category","embeddable":true,"href":"https:\/\/wmmaa.org\/es\/wp-json\/wp\/v2\/categories?post=384371"},{"taxonomy":"post_tag","embeddable":true,"href":"https:\/\/wmmaa.org\/es\/wp-json\/wp\/v2\/tags?post=384371"}],"curies":[{"name":"wp","href":"https:\/\/api.w.org\/{rel}","templated":true}]}}