{"id":382995,"date":"2023-05-08T12:16:53","date_gmt":"2023-05-08T09:16:53","guid":{"rendered":"https:\/\/wmmaa.org\/dana-white-responde-a-la-tercera-pelea-de-adesanya-y-pereira\/"},"modified":"2023-05-08T12:16:53","modified_gmt":"2023-05-08T09:16:53","slug":"dana-white-responde-a-la-tercera-pelea-de-adesanya-y-pereira","status":"publish","type":"post","link":"https:\/\/wmmaa.org\/es\/dana-white-responde-a-la-tercera-pelea-de-adesanya-y-pereira\/","title":{"rendered":"Dana White responde a la tercera pelea de Adesanya y Pereira"},"content":{"rendered":"<div id=\"feat-img-reg\" class=\"relative\">\n <img decoding=\"async\" src=\"https:\/\/wmmaa.org\/wp-content\/uploads\/2023\/05\/6a79be8dc98a6117d1caa285c278d2b1_XL.jpg\" alt=\"Dana White responde a la tercera pelea de Adesanya y Pereira\"><\/div>\n<div class=\"itemIntroText\">\n<p>Una tercera pelea por el t\u00edtulo entre Israel Adesanya y Alex Pereira no est\u00e1 en la agenda de la organizaci\u00f3n, anunci\u00f3 el presidente de UFC, Dana White, en una conferencia de prensa en Newark.<\/p>\n<\/p>\n<\/div>\n<div class=\"itemFullText\">\n<blockquote>\n<p>\u00abNo tengo idea de qu\u00e9 se trata: Pereira subir\u00e1 al peso semipesado\u00bb, dijo White a un reportero que le pidi\u00f3 que comentara sobre la intenci\u00f3n del brasile\u00f1o de completar la trilog\u00eda con el nigeriano.<\/p>\n<\/blockquote>\n<p>En noviembre pasado, Alex Pereira le quit\u00f3 el t\u00edtulo de peso mediano de UFC a Israel Adesanya con un nocaut t\u00e9cnico en el quinto asalto, y hace un mes, Adesanya se veng\u00f3 de manera convincente con una victoria por nocaut en el segundo per\u00edodo de cinco minutos.<\/p>\n<p>Habiendo perdido el cintur\u00f3n de campeonato, el peleador brasile\u00f1o anunci\u00f3 que continuar\u00eda su carrera profesional en el peso semipesado, sin embargo, luego de eso hizo varias declaraciones de que primero quer\u00eda tener una tercera pelea con el nigeriano y poner fin a este enfrentamiento.<\/p>\n<p>Recordemos que en el pasado, Pereira derrot\u00f3 dos veces a Adesanya en peleas de kickboxing, y una vez lo envi\u00f3 a un nocaut sordo.<\/p>\n<\/p>\n<\/div>\n<p class=\"source-link\">Fuente: https:\/\/fighttime.ru\/news\/item\/31504-dana-uajt-otvetil-po-povodu-tretego-boya-adesani-i-perejry.html?rand=19907<\/p>\n","protected":false},"excerpt":{"rendered":"<p>Una tercera pelea por el t\u00edtulo entre Israel Adesanya y Alex Pereira no est\u00e1 en la agenda de la organizaci\u00f3n, anunci\u00f3 el presidente de UFC, Dana White, en una conferencia de prensa en Newark. \u00abNo tengo idea de qu\u00e9 se trata: Pereira subir\u00e1 al peso semipesado\u00bb, dijo White a un reportero que le pidi\u00f3 que [&hellip;]<\/p>\n","protected":false},"author":1,"featured_media":382985,"comment_status":"","ping_status":"open","sticky":false,"template":"","format":"standard","meta":{"footnotes":""},"categories":[1171],"tags":[236,1342,1708],"_links":{"self":[{"href":"https:\/\/wmmaa.org\/es\/wp-json\/wp\/v2\/posts\/382995"}],"collection":[{"href":"https:\/\/wmmaa.org\/es\/wp-json\/wp\/v2\/posts"}],"about":[{"href":"https:\/\/wmmaa.org\/es\/wp-json\/wp\/v2\/types\/post"}],"author":[{"embeddable":true,"href":"https:\/\/wmmaa.org\/es\/wp-json\/wp\/v2\/users\/1"}],"replies":[{"embeddable":true,"href":"https:\/\/wmmaa.org\/es\/wp-json\/wp\/v2\/comments?post=382995"}],"version-history":[{"count":0,"href":"https:\/\/wmmaa.org\/es\/wp-json\/wp\/v2\/posts\/382995\/revisions"}],"wp:featuredmedia":[{"embeddable":true,"href":"https:\/\/wmmaa.org\/es\/wp-json\/wp\/v2\/media\/382985"}],"wp:attachment":[{"href":"https:\/\/wmmaa.org\/es\/wp-json\/wp\/v2\/media?parent=382995"}],"wp:term":[{"taxonomy":"category","embeddable":true,"href":"https:\/\/wmmaa.org\/es\/wp-json\/wp\/v2\/categories?post=382995"},{"taxonomy":"post_tag","embeddable":true,"href":"https:\/\/wmmaa.org\/es\/wp-json\/wp\/v2\/tags?post=382995"}],"curies":[{"name":"wp","href":"https:\/\/api.w.org\/{rel}","templated":true}]}}