{"id":374885,"date":"2023-03-16T08:57:36","date_gmt":"2023-03-16T06:57:36","guid":{"rendered":"https:\/\/wmmaa.org\/?p=374885"},"modified":"2023-03-16T08:57:36","modified_gmt":"2023-03-16T06:57:36","slug":"conor-mcgregor-descarta-pelea-con-islam-makhachev","status":"publish","type":"post","link":"https:\/\/wmmaa.org\/es\/conor-mcgregor-descarta-pelea-con-islam-makhachev\/","title":{"rendered":"Conor McGregor descarta pelea con Islam Makhachev"},"content":{"rendered":"<div id=\"feat-img-reg\" class=\"relative\">\n <img decoding=\"async\" src=\"https:\/\/wmmaa.org\/wp-content\/uploads\/2023\/03\/e88af7cc9aac2f84ac1be14823a29e5e_XL.jpg\" alt=\"Conor McGregor descarta pelea con Islam Makhachev\"><\/div>\n<div class=\"itemIntroText\">\n<p>El ex campe\u00f3n dual de UFC Conor McGregor planea luchar por el t\u00edtulo despu\u00e9s de derrotar a Michael Chandler, pero no est\u00e1 en la contienda por el cintur\u00f3n de peso ligero en manos de Islam Makhachev.<\/p>\n<\/p>\n<\/div>\n<div class=\"itemFullText\">\n<blockquote>\n<p>\u00abSolo peso welter\u00bb, dijo el irland\u00e9s en el \u00faltimo episodio de The MMA Hour. \u201cVoy a pelear en peso welter, eso est\u00e1 fuera de discusi\u00f3n, y s\u00ed, me gustar\u00eda pelear con el ganador de la pelea entre Leon Edwards y Kamaru Usman. Tal vez incluso est\u00e9 presente en el torneo UFC 286. Adem\u00e1s, mi compa\u00f1ero de equipo Gunnar Nelson pelea en la cartelera. Me encantar\u00eda ver su pelea y su pelea por el t\u00edtulo en vivo\u201d.<\/p>\n<\/blockquote>\n<p>Previamente, que la pelea entre Conor McGregor y Michael Chandler se llevar\u00e1 a cabo en la categor\u00eda de peso ligero, dijo el presidente de la UFC, Dana White.<\/p>\n<p>Ambos luchadores se encuentran actualmente filmando la temporada 31 de The Ultimate Fighter, donde entrenan equipos competidores, y su duelo a\u00fan no ha sido anunciado oficialmente.<\/p>\n<p>En cuanto a Islam Makhachev, en una entrevista reciente afirm\u00f3 que no cre\u00eda en la pelea entre McGregor y Chandler, pero expres\u00f3 su disposici\u00f3n a defender el t\u00edtulo contra el irland\u00e9s si la UFC lo quisiera.<\/p>\n<p>La pelea por el t\u00edtulo de peso welter entre Leon Edwards y Kamaru Usman encabezar\u00e1 el UFC 286 en Londres el 18 de marzo.<\/p>\n<\/p>\n<\/div>\n<p class=\"source-link\">Fuente: https:\/\/fighttime.ru\/news\/item\/31038-konor-makgregor-isklyuchil-veroyatnost-boya-s-islamom-makhachevym.html?rand=19907<\/p>\n","protected":false},"excerpt":{"rendered":"<p>El ex campe\u00f3n dual de UFC Conor McGregor planea luchar por el t\u00edtulo despu\u00e9s de derrotar a Michael Chandler, pero no est\u00e1 en la contienda por el cintur\u00f3n de peso ligero en manos de Islam Makhachev. \u00abSolo peso welter\u00bb, dijo el irland\u00e9s en el \u00faltimo episodio de The MMA Hour. \u201cVoy a pelear en peso [&hellip;]<\/p>\n","protected":false},"author":1,"featured_media":374875,"comment_status":"closed","ping_status":"open","sticky":false,"template":"","format":"standard","meta":{"footnotes":""},"categories":[1171],"tags":[1258,1361],"_links":{"self":[{"href":"https:\/\/wmmaa.org\/es\/wp-json\/wp\/v2\/posts\/374885"}],"collection":[{"href":"https:\/\/wmmaa.org\/es\/wp-json\/wp\/v2\/posts"}],"about":[{"href":"https:\/\/wmmaa.org\/es\/wp-json\/wp\/v2\/types\/post"}],"author":[{"embeddable":true,"href":"https:\/\/wmmaa.org\/es\/wp-json\/wp\/v2\/users\/1"}],"replies":[{"embeddable":true,"href":"https:\/\/wmmaa.org\/es\/wp-json\/wp\/v2\/comments?post=374885"}],"version-history":[{"count":0,"href":"https:\/\/wmmaa.org\/es\/wp-json\/wp\/v2\/posts\/374885\/revisions"}],"wp:featuredmedia":[{"embeddable":true,"href":"https:\/\/wmmaa.org\/es\/wp-json\/wp\/v2\/media\/374875"}],"wp:attachment":[{"href":"https:\/\/wmmaa.org\/es\/wp-json\/wp\/v2\/media?parent=374885"}],"wp:term":[{"taxonomy":"category","embeddable":true,"href":"https:\/\/wmmaa.org\/es\/wp-json\/wp\/v2\/categories?post=374885"},{"taxonomy":"post_tag","embeddable":true,"href":"https:\/\/wmmaa.org\/es\/wp-json\/wp\/v2\/tags?post=374885"}],"curies":[{"name":"wp","href":"https:\/\/api.w.org\/{rel}","templated":true}]}}