{"id":366876,"date":"2023-02-26T04:59:07","date_gmt":"2023-02-26T02:59:07","guid":{"rendered":"https:\/\/wmmaa.org\/ufc-vegas-70-en-tweets-los-peleadores-reaccionan-a-la-sumision-de-brendan-allen-molesta-a-andre-muniz\/"},"modified":"2023-02-26T04:59:07","modified_gmt":"2023-02-26T02:59:07","slug":"ufc-vegas-70-en-tweets-los-peleadores-reaccionan-a-la-sumision-de-brendan-allen-molesta-a-andre-muniz","status":"publish","type":"post","link":"https:\/\/wmmaa.org\/es\/ufc-vegas-70-en-tweets-los-peleadores-reaccionan-a-la-sumision-de-brendan-allen-molesta-a-andre-muniz\/","title":{"rendered":"UFC Vegas 70 en Tweets: los peleadores reaccionan a la sumisi\u00f3n de Brendan Allen molesta a Andre Muniz"},"content":{"rendered":"<p>Brendan Allen aprovech\u00f3 al m\u00e1ximo su breve aviso como cabeza de cartel, presentando al especialista en presentaciones Andre Muniz con poco tiempo restante en su cita de UFC Vegas 70. <\/p>\n<p>Allen toc\u00f3 a Muniz a las 4:25 de la ronda 3 con un estrangulador trasero desnudo despu\u00e9s de un derribo de gran amplitud y una transici\u00f3n h\u00e1bil al control trasero, donde gir\u00f3 hasta que Muniz se vio obligado a abandonar. <\/p>\n<p>Originalmente planeado para el evento principal, Allen &amp; Muniz fueron promovidos cuando Nikita Kralov (cabeza de cartel) no pudo pelear contra Ryan Spann debido a una enfermedad transmitida por los alimentos. <\/p>\n<p>Esto es lo que los peleadores dijeron sobre la cartelera principal de UFC Vegas 70. <\/p>\n<aside>\n<div class=\"c-read-more\">\n<p class=\"c-read-more__intro\">\n<p>Similar\n <\/p>\n<h4>Video destacado de la pelea completa de Brendan Allen vs. Andre Muniz <\/h4>\n<\/div>\n<\/aside>\n<hr class=\"p-entry-hr\">\n<h1><strong>Brendan Allen der. Andr\u00e9 Mu\u00f1iz <\/strong><\/h1>\n<div>\n<blockquote class=\"twitter-tweet\">\n<p lang=\"en\" dir=\"ltr\">vamos mi g <a rel=\"nofollow noopener\" target=\"_blank\" href=\"https:\/\/twitter.com\/BrendanAllenMMA?ref_src=twsrc%5Etfw\">@BrendanAllenMMA<\/a> manera de poner la guinda en la cima!!! <a rel=\"nofollow noopener\" target=\"_blank\" href=\"https:\/\/twitter.com\/hashtag\/MEBA?src=hash&amp;ref_src=twsrc%5Etfw\">#MEBA<\/a><\/p>\n<p>&#8212; Colina Jamahal (@JamahalH) <a rel=\"nofollow noopener\" target=\"_blank\" href=\"https:\/\/twitter.com\/JamahalH\/status\/1629666405015535616?ref_src=twsrc%5Etfw\">26 de febrero de 2023<\/a>\n<\/p>\n<\/blockquote>\n<\/div>\n<div>\n<blockquote class=\"twitter-tweet\">\n<p lang=\"en\" dir=\"ltr\">Felicidades <a rel=\"nofollow noopener\" target=\"_blank\" href=\"https:\/\/twitter.com\/BrendanAllenMMA?ref_src=twsrc%5Etfw\">@BrendanAllenMMA<\/a> ! <a rel=\"nofollow noopener\" target=\"_blank\" href=\"https:\/\/twitter.com\/hashtag\/Louisiana?src=hash&amp;ref_src=twsrc%5Etfw\">#Luisiana<\/a><\/p>\n<p>&#8212; El Diamante (@DustinPoirier) <a rel=\"nofollow noopener\" target=\"_blank\" href=\"https:\/\/twitter.com\/DustinPoirier\/status\/1629666605616570374?ref_src=twsrc%5Etfw\">26 de febrero de 2023<\/a>\n<\/p>\n<\/blockquote>\n<\/div>\n<div>\n<blockquote class=\"twitter-tweet\">\n<p lang=\"en\" dir=\"ltr\">Felicidades <a rel=\"nofollow noopener\" target=\"_blank\" href=\"https:\/\/twitter.com\/BrendanAllenMMA?ref_src=twsrc%5Etfw\">@BrendanAllenMMA<\/a> <a rel=\"nofollow noopener\" target=\"_blank\" href=\"https:\/\/twitter.com\/ufc?ref_src=twsrc%5Etfw\">@ufc<\/a> <a rel=\"nofollow noopener\" target=\"_blank\" href=\"https:\/\/twitter.com\/hashtag\/ufc?src=hash&amp;ref_src=twsrc%5Etfw\">#ufc<\/a> <a rel=\"nofollow noopener\" target=\"_blank\" href=\"https:\/\/twitter.com\/hashtag\/apex?src=hash&amp;ref_src=twsrc%5Etfw\">#ap\u00e9ndice<\/a> <a rel=\"nofollow noopener\" target=\"_blank\" href=\"https:\/\/twitter.com\/hashtag\/ufcfightnight?src=hash&amp;ref_src=twsrc%5Etfw\">#ufcffightnight<\/a> !! <\/p>\n<p>&#8212; Julianna Pe\u00f1a (@VenezuelanVixen) <a rel=\"nofollow noopener\" target=\"_blank\" href=\"https:\/\/twitter.com\/VenezuelanVixen\/status\/1629666449965940740?ref_src=twsrc%5Etfw\">26 de febrero de 2023<\/a>\n<\/p>\n<\/blockquote>\n<\/div>\n<div>\n<blockquote class=\"twitter-tweet\">\n<p lang=\"en\" dir=\"ltr\">As\u00ed <\/p>\n<p>&#8212; Terrance McKinney (@twrecks155) <a rel=\"nofollow noopener\" target=\"_blank\" href=\"https:\/\/twitter.com\/twrecks155\/status\/1629666077448998913?ref_src=twsrc%5Etfw\">26 de febrero de 2023<\/a>\n<\/p>\n<\/blockquote>\n<\/div>\n<div>\n<blockquote class=\"twitter-tweet\">\n<p lang=\"en\" dir=\"ltr\">vamosoooooooooo <a rel=\"nofollow noopener\" target=\"_blank\" href=\"https:\/\/twitter.com\/BrendanAllenMMA?ref_src=twsrc%5Etfw\">@BrendanAllenMMA<\/a><\/p>\n<p>&#8212; Belal Muhammad (@bullyb170) <a rel=\"nofollow noopener\" target=\"_blank\" href=\"https:\/\/twitter.com\/bullyb170\/status\/1629666148412276739?ref_src=twsrc%5Etfw\">26 de febrero de 2023<\/a>\n<\/p>\n<\/blockquote>\n<\/div>\n<div>\n<blockquote class=\"twitter-tweet\">\n<p lang=\"en\" dir=\"ltr\">\u00a1\u00a1\u00a1\u00a1Guau!!!! \u00a1B Allen con el submarino! <a rel=\"nofollow noopener\" target=\"_blank\" href=\"https:\/\/twitter.com\/hashtag\/UFCVegas70?src=hash&amp;ref_src=twsrc%5Etfw\">#UFCVegas70<\/a><\/p>\n<p>&#8212; Alan Jouban (@AlanJouban) <a rel=\"nofollow noopener\" target=\"_blank\" href=\"https:\/\/twitter.com\/AlanJouban\/status\/1629666177701015552?ref_src=twsrc%5Etfw\">26 de febrero de 2023<\/a>\n<\/p>\n<\/blockquote>\n<\/div>\n<div>\n<blockquote class=\"twitter-tweet\">\n<p lang=\"en\" dir=\"ltr\">Acabado impresionante para <a rel=\"nofollow noopener\" target=\"_blank\" href=\"https:\/\/twitter.com\/BrendanAllenMMA?ref_src=twsrc%5Etfw\">@BrendanAllenMMA<\/a> felicidades amigo <\/p>\n<p>&#8211;Paul Felder (@felderpaul) <a rel=\"nofollow noopener\" target=\"_blank\" href=\"https:\/\/twitter.com\/felderpaul\/status\/1629666314070511616?ref_src=twsrc%5Etfw\">26 de febrero de 2023<\/a>\n<\/p>\n<\/blockquote>\n<\/div>\n<div>\n<blockquote class=\"twitter-tweet\">\n<p lang=\"en\" dir=\"ltr\">\u00a1Todas estas mochilas en el juego! Slick RNC despu\u00e9s de un ENORME golpe de Allen, sobre un cintur\u00f3n negro de BJJ. \u00a1Incre\u00edble trabajo! <a rel=\"nofollow noopener\" target=\"_blank\" href=\"https:\/\/twitter.com\/hashtag\/UFCVegas70?src=hash&amp;ref_src=twsrc%5Etfw\">#UFCVegas70<\/a><\/p>\n<p>&#8212; Aljamain Sterling (@funkmasterMMA) <a rel=\"nofollow noopener\" target=\"_blank\" href=\"https:\/\/twitter.com\/funkmasterMMA\/status\/1629666327496646656?ref_src=twsrc%5Etfw\">26 de febrero de 2023<\/a>\n<\/p>\n<\/blockquote>\n<\/div>\n<div>\n<blockquote class=\"twitter-tweet\">\n<p lang=\"en\" dir=\"ltr\">Alguien perdi\u00f3 mucho dinero <a rel=\"nofollow noopener\" target=\"_blank\" href=\"https:\/\/twitter.com\/hashtag\/UFCVegas70?src=hash&amp;ref_src=twsrc%5Etfw\">#UFCVegas70<\/a><\/p>\n<p>&#8212; Alan Jouban (@AlanJouban) <a rel=\"nofollow noopener\" target=\"_blank\" href=\"https:\/\/twitter.com\/AlanJouban\/status\/1629666366323142658?ref_src=twsrc%5Etfw\">26 de febrero de 2023<\/a>\n<\/p>\n<\/blockquote>\n<\/div>\n<hr class=\"p-entry-hr\">\n<h1>\n<strong>Tatiana Su\u00e1rez<\/strong><strong> definitivamente <\/strong><strong>Monta\u00f1a De La Rosa<\/strong><br \/>\n<\/h1>\n<div>\n<blockquote class=\"twitter-tweet\">\n<p lang=\"en\" dir=\"ltr\">Felicidades tatiana <br \/>\u00a1Recorriste un largo camino y pusiste el trabajo duro! <\/p>\n<p>&#8212; Francisco Ngannou (@francis_ngannou) <a rel=\"nofollow noopener\" target=\"_blank\" href=\"https:\/\/twitter.com\/francis_ngannou\/status\/1629649200949649408?ref_src=twsrc%5Etfw\">26 de febrero de 2023<\/a>\n<\/p>\n<\/blockquote>\n<\/div>\n<div>\n<blockquote class=\"twitter-tweet\">\n<p lang=\"en\" dir=\"ltr\">Bienvenido de nuevo <a rel=\"nofollow noopener\" target=\"_blank\" href=\"https:\/\/twitter.com\/tatianaufc?ref_src=twsrc%5Etfw\">@tatianaufc<\/a> <a rel=\"nofollow noopener\" target=\"_blank\" href=\"https:\/\/twitter.com\/hashtag\/UFC?src=hash&amp;ref_src=twsrc%5Etfw\">#UFC<\/a><\/p>\n<p>&#8212; Precio de Niko (@Nikohybridprice) <a rel=\"nofollow noopener\" target=\"_blank\" href=\"https:\/\/twitter.com\/Nikohybridprice\/status\/1629646234985046017?ref_src=twsrc%5Etfw\">26 de febrero de 2023<\/a>\n<\/p>\n<\/blockquote>\n<\/div>\n<div>\n<blockquote class=\"twitter-tweet\">\n<p lang=\"en\" dir=\"ltr\">Bienvenido de nuevo <a rel=\"nofollow noopener\" target=\"_blank\" href=\"https:\/\/twitter.com\/tatianaufc?ref_src=twsrc%5Etfw\">@tatianaufc<\/a> buena victoria por sumisi\u00f3n a la guillotina <a rel=\"nofollow noopener\" target=\"_blank\" href=\"https:\/\/twitter.com\/ufc?ref_src=twsrc%5Etfw\">@ufc<\/a> <a rel=\"nofollow noopener\" target=\"_blank\" href=\"https:\/\/twitter.com\/hashtag\/UFCVegas70?src=hash&amp;ref_src=twsrc%5Etfw\">#UFCVegas70<\/a> <a rel=\"nofollow noopener\" target=\"_blank\" href=\"https:\/\/twitter.com\/hashtag\/undefeated?src=hash&amp;ref_src=twsrc%5Etfw\">#invicto<\/a><\/p>\n<p>&#8212; Carlos Rosa (@CharlesRosaMMA) <a rel=\"nofollow noopener\" target=\"_blank\" href=\"https:\/\/twitter.com\/CharlesRosaMMA\/status\/1629646452489060353?ref_src=twsrc%5Etfw\">26 de febrero de 2023<\/a>\n<\/p>\n<\/blockquote>\n<\/div>\n<div>\n<blockquote class=\"twitter-tweet\">\n<p lang=\"en\" dir=\"ltr\">Vamos <a rel=\"nofollow noopener\" target=\"_blank\" href=\"https:\/\/twitter.com\/tatianaufc?ref_src=twsrc%5Etfw\">@tatianaufc<\/a> \u00a1Felicidades! \u00a1Estamos muy orgullosos de lo que hiciste y de c\u00f3mo luchaste! <a rel=\"nofollow noopener\" target=\"_blank\" href=\"https:\/\/twitter.com\/hashtag\/Motivation?src=hash&amp;ref_src=twsrc%5Etfw\">#Motivaci\u00f3n<\/a> <a rel=\"nofollow noopener\" target=\"_blank\" href=\"https:\/\/twitter.com\/hashtag\/ufc?src=hash&amp;ref_src=twsrc%5Etfw\">#ufc<\/a><\/p>\n<p>&#8212; Juli\u00e1n M\u00e1rquez (@JMarquezMMA) <a rel=\"nofollow noopener\" target=\"_blank\" href=\"https:\/\/twitter.com\/JMarquezMMA\/status\/1629647262501724160?ref_src=twsrc%5Etfw\">26 de febrero de 2023<\/a>\n<\/p>\n<\/blockquote>\n<\/div>\n<div>\n<blockquote class=\"twitter-tweet\">\n<p lang=\"en\" dir=\"ltr\">Inspirado, de verdad. \u00a1Felicidades Tatiana! <\/p>\n<p>&#8212; Casey Oneill (@kingcaseymma) <a rel=\"nofollow noopener\" target=\"_blank\" href=\"https:\/\/twitter.com\/kingcaseymma\/status\/1629647313890324480?ref_src=twsrc%5Etfw\">26 de febrero de 2023<\/a>\n<\/p>\n<\/blockquote>\n<\/div>\n<div>\n<blockquote class=\"twitter-tweet\">\n<p lang=\"en\" dir=\"ltr\">\u00a1Qu\u00e9 bueno ver a Tatiana de vuelta, es un problema! <\/p>\n<p>&#8212; Belal Muhammad (@bullyb170) <a rel=\"nofollow noopener\" target=\"_blank\" href=\"https:\/\/twitter.com\/bullyb170\/status\/1629647267488563204?ref_src=twsrc%5Etfw\">26 de febrero de 2023<\/a>\n<\/p>\n<\/blockquote>\n<\/div>\n<hr class=\"p-entry-hr\">\n<h1>\n<strong>mike malott<\/strong><strong> definitivamente <\/strong><strong>Yohan Lainesse<\/strong><br \/>\n<\/h1>\n<div>\n<blockquote class=\"twitter-tweet\">\n<p lang=\"en\" dir=\"ltr\">Ese estrangulador parec\u00eda APRETADO tan pronto como Malott conect\u00f3 sus manos <a rel=\"nofollow noopener\" target=\"_blank\" href=\"https:\/\/twitter.com\/hashtag\/UFCVegas70?src=hash&amp;ref_src=twsrc%5Etfw\">#UFCVegas70<\/a><\/p>\n<p>&#8212; Joe Joe Giannetti (@Giannettimma) <a rel=\"nofollow noopener\" target=\"_blank\" href=\"https:\/\/twitter.com\/Giannettimma\/status\/1629638160518103040?ref_src=twsrc%5Etfw\">26 de febrero de 2023<\/a>\n<\/p>\n<\/blockquote>\n<\/div>\n<p class=\"source-link\">Fuente: https:\/\/www.mmafighting.com\/2023\/2\/25\/23615219\/ufc-vegas-70-in-tweets-fighters-react-to-brendan-allens-submission-upset-of-andre-muniz? rand=96749<\/p>\n","protected":false},"excerpt":{"rendered":"<p>Brendan Allen aprovech\u00f3 al m\u00e1ximo su breve aviso como cabeza de cartel, presentando al especialista en presentaciones Andre Muniz con poco tiempo restante en su cita de UFC Vegas 70. Allen toc\u00f3 a Muniz a las 4:25 de la ronda 3 con un estrangulador trasero desnudo despu\u00e9s de un derribo de gran amplitud y una [&hellip;]<\/p>\n","protected":false},"author":1,"featured_media":366866,"comment_status":"","ping_status":"open","sticky":false,"template":"","format":"standard","meta":{"footnotes":""},"categories":[1171],"tags":[],"_links":{"self":[{"href":"https:\/\/wmmaa.org\/es\/wp-json\/wp\/v2\/posts\/366876"}],"collection":[{"href":"https:\/\/wmmaa.org\/es\/wp-json\/wp\/v2\/posts"}],"about":[{"href":"https:\/\/wmmaa.org\/es\/wp-json\/wp\/v2\/types\/post"}],"author":[{"embeddable":true,"href":"https:\/\/wmmaa.org\/es\/wp-json\/wp\/v2\/users\/1"}],"replies":[{"embeddable":true,"href":"https:\/\/wmmaa.org\/es\/wp-json\/wp\/v2\/comments?post=366876"}],"version-history":[{"count":0,"href":"https:\/\/wmmaa.org\/es\/wp-json\/wp\/v2\/posts\/366876\/revisions"}],"wp:featuredmedia":[{"embeddable":true,"href":"https:\/\/wmmaa.org\/es\/wp-json\/wp\/v2\/media\/366866"}],"wp:attachment":[{"href":"https:\/\/wmmaa.org\/es\/wp-json\/wp\/v2\/media?parent=366876"}],"wp:term":[{"taxonomy":"category","embeddable":true,"href":"https:\/\/wmmaa.org\/es\/wp-json\/wp\/v2\/categories?post=366876"},{"taxonomy":"post_tag","embeddable":true,"href":"https:\/\/wmmaa.org\/es\/wp-json\/wp\/v2\/tags?post=366876"}],"curies":[{"name":"wp","href":"https:\/\/api.w.org\/{rel}","templated":true}]}}