{"id":364929,"date":"2023-02-24T04:10:52","date_gmt":"2023-02-24T02:10:52","guid":{"rendered":"https:\/\/wmmaa.org\/john-lineker-le-pide-a-fabricio-andrade-que-no-lo-golpee-en-la-ingle-para-la-revancha-de-un-titulo\/"},"modified":"2023-02-24T04:10:52","modified_gmt":"2023-02-24T02:10:52","slug":"john-lineker-le-pide-a-fabricio-andrade-que-no-lo-golpee-en-la-ingle-para-la-revancha-de-un-titulo","status":"publish","type":"post","link":"https:\/\/wmmaa.org\/es\/john-lineker-le-pide-a-fabricio-andrade-que-no-lo-golpee-en-la-ingle-para-la-revancha-de-un-titulo\/","title":{"rendered":"John Lineker le pide a Fabricio Andrade que no lo golpee en la ingle para la revancha de UN t\u00edtulo"},"content":{"rendered":"<p>John Lineker no est\u00e1 preocupado por las travesuras fuera de la jaula de Fabricio Andrade antes de su revancha por el t\u00edtulo de ONE Championship el viernes en Tailandia. De hecho, los encuentra divertidos. <\/p>\n<p>Andrade dijo en el episodio de esta semana del <em>Troca\u00e7ao Franca<\/em> podcast estaba \u00absorprendido\u00bb de que su compatriota brasile\u00f1o aceptara correr de nuevo justo despu\u00e9s de que su primera pelea por el t\u00edtulo de peso gallo termin\u00f3 sin competencia debido a un golpe bajo accidental. <\/p>\n<p>\u00abEl padre de mi amigo me dijo que John est\u00e1 demasiado loco para enfrentarse a este hombre de nuevo. Lineker respondi\u00f3 en <em>Troca\u00e7ao Franca <\/em>. Estoy loco [laughs]. Fabricio, un luchador extremadamente duro y habilidoso, es un gran tipo. Pero he luchado contra hombres mucho m\u00e1s talentosos que \u00e9l.<\/p>\n<p>\u00abMiedo es una palabra que no conozco\u00bb, dijo. \u00abNo existe en mi diccionario y nunca existir\u00e1 en mi vida\u00bb.<\/p>\n<p>Lineker bromea diciendo que el <em>solo <\/em> la preocupaci\u00f3n que tiene esta vez es su ingle. <\/p>\n<p>\u00abEs un tipo talentoso, duro, as\u00ed que tengo que trabajar duro\u00bb, dijo Lineker. \u00abVoy a pronosticar un final de tercera ronda otra vez. Y no me vuelvas a pegar en la nuca, Fabricio [laughs].\u00bb<\/p>\n<p>\u00abAfirm\u00f3 que me noquear\u00eda en el primer asalto. Le dije que eso no suceder\u00eda. Tengo 50 peleas y solo me han derribado una vez, y volv\u00ed para ganar la pelea. Pero para que me noqueara. fuera, eso nunca suceder\u00eda. Se dijo que lo atraparon en el tercero. Y mira, me dio un rodillazo en el tercero. Estaba consciente de que lo atrapar\u00eda. [laughs].\u00bb<\/p>\n<p>En cuanto a Andrade con una camiseta con la cara en el cuerpo de un pollo, Lineker dijo \u00abMe divierto con eso\u00bb.<\/p>\n<p>\u00abMe encanta probar que la gente est\u00e1 equivocada toda mi vida\u00bb, afirm\u00f3 Lineker. \u201cMostrar\u00e9 que soy el verdadero campe\u00f3n en esta pelea, que estoy aqu\u00ed para un reinado largo. Veo que la gente dice que si peleara 10 veces con Fabricio ser\u00eda lo mismo, pero demostrar\u00e9 que va a ser completamente diferente.\u00bb<\/p>\n<p>Lineker y Andrade compiten por el t\u00edtulo vacante desde que \u00abHands of Stone\u00bb perdi\u00f3 el peso la \u00faltima vez y la pelea termin\u00f3 sin ganador. El veterano de UFC Lineker culpa a un error en el c\u00e1lculo y agrega \u00abEstoy 100% en el punto\u00bb ahora. <\/p>\n<p>\u00abNo quiero poner excusas ni decir que no estuve bien, pero la verdad es que me dol\u00eda la cabeza porque perd\u00ed el t\u00edtulo de la escala\u00bb, afirm\u00f3 Lineker. \u00abEso me arruin\u00f3, dada mi historia [of missing weight in the UFC]. Eso me hizo sentir mal, el hecho de que no tomar\u00eda el t\u00edtulo con una victoria. Estoy m\u00e1s decidido y centrado que nunca\u00bb.<\/p>\n<div><\/div>\n<p class=\"source-link\">Fuente: https:\/\/www.mmafighting.com\/2023\/2\/23\/23611738\/john-lineker-fabricio-andrade-nutsack-again-one-title-rematch?rand=96749<\/p>\n","protected":false},"excerpt":{"rendered":"<p>John Lineker no est\u00e1 preocupado por las travesuras fuera de la jaula de Fabricio Andrade antes de su revancha por el t\u00edtulo de ONE Championship el viernes en Tailandia. De hecho, los encuentra divertidos. Andrade dijo en el episodio de esta semana del Troca\u00e7ao Franca podcast estaba \u00absorprendido\u00bb de que su compatriota brasile\u00f1o aceptara correr [&hellip;]<\/p>\n","protected":false},"author":1,"featured_media":364914,"comment_status":"","ping_status":"open","sticky":false,"template":"","format":"standard","meta":{"footnotes":""},"categories":[1171],"tags":[],"_links":{"self":[{"href":"https:\/\/wmmaa.org\/es\/wp-json\/wp\/v2\/posts\/364929"}],"collection":[{"href":"https:\/\/wmmaa.org\/es\/wp-json\/wp\/v2\/posts"}],"about":[{"href":"https:\/\/wmmaa.org\/es\/wp-json\/wp\/v2\/types\/post"}],"author":[{"embeddable":true,"href":"https:\/\/wmmaa.org\/es\/wp-json\/wp\/v2\/users\/1"}],"replies":[{"embeddable":true,"href":"https:\/\/wmmaa.org\/es\/wp-json\/wp\/v2\/comments?post=364929"}],"version-history":[{"count":0,"href":"https:\/\/wmmaa.org\/es\/wp-json\/wp\/v2\/posts\/364929\/revisions"}],"wp:featuredmedia":[{"embeddable":true,"href":"https:\/\/wmmaa.org\/es\/wp-json\/wp\/v2\/media\/364914"}],"wp:attachment":[{"href":"https:\/\/wmmaa.org\/es\/wp-json\/wp\/v2\/media?parent=364929"}],"wp:term":[{"taxonomy":"category","embeddable":true,"href":"https:\/\/wmmaa.org\/es\/wp-json\/wp\/v2\/categories?post=364929"},{"taxonomy":"post_tag","embeddable":true,"href":"https:\/\/wmmaa.org\/es\/wp-json\/wp\/v2\/tags?post=364929"}],"curies":[{"name":"wp","href":"https:\/\/api.w.org\/{rel}","templated":true}]}}