{"id":355010,"date":"2023-02-09T08:35:53","date_gmt":"2023-02-09T06:35:53","guid":{"rendered":"https:\/\/wmmaa.org\/el-presidente-de-ufc-aclara-el-estado-de-la-pelea-mcgregor-vs-chandler\/"},"modified":"2023-02-09T08:35:53","modified_gmt":"2023-02-09T06:35:53","slug":"el-presidente-de-ufc-aclara-el-estado-de-la-pelea-mcgregor-vs-chandler","status":"publish","type":"post","link":"https:\/\/wmmaa.org\/es\/el-presidente-de-ufc-aclara-el-estado-de-la-pelea-mcgregor-vs-chandler\/","title":{"rendered":"El presidente de UFC aclara el estado de la pelea McGregor vs Chandler"},"content":{"rendered":"<div id=\"feat-img-reg\" class=\"relative\">\n <img decoding=\"async\" src=\"https:\/\/wmmaa.org\/wp-content\/uploads\/2023\/02\/41a4134dd80c149f5b6e5671a653f5f9_XL.jpg\" alt=\"El presidente de UFC aclara el estado de la pelea McGregor vs Chandler\"><\/div>\n<p><!-- Item introtext --><\/p>\n<div class=\"itemIntroText\">\n<p>A pesar de los informes anteriores de que la pelea entre Conor McGregor y Michael Chandler se llevar\u00e1 a cabo en la divisi\u00f3n de peso welter, los peleadores se enfrentar\u00e1n en la categor\u00eda de peso ligero.<\/p>\n<\/p>\n<\/div>\n<p><!--AdFox START--><\/p>\n<p><!--&#1055;&#1083;&#1086;&#1097;&#1072;&#1076;&#1082;&#1072;: FightTime.ru \/ * \/ *--><\/p>\n<p><!--&#1058;&#1080;&#1087; &#1073;&#1072;&#1085;&#1085;&#1077;&#1088;&#1072;: &#1044;&#1077;&#1089;&#1082;&#1090;&#1086;&#1087;\/&#1052;&#1086;&#1073;&#1080;&#1083;&#1100;&#1085;&#1099;&#1081; 728x90\/300x300--><\/p>\n<p><!--&#1056;&#1072;&#1089;&#1087;&#1086;&#1083;&#1086;&#1078;&#1077;&#1085;&#1080;&#1077;: &#1050;&#1086;&#1085;&#1090;&#1077;&#1085;&#1090; &#1087;&#1086;&#1089;&#1083;&#1077; &#1074;&#1089;&#1090;&#1091;&#1087;&#1083;&#1077;&#1085;&#1080;&#1103;--><\/p>\n<div id=\"adfox_167032076949914564\" class=\"yandex_rtb_wrapper\"><\/div>\n<p><!-- Item fulltext --><\/p>\n<div class=\"itemFullText\">\n<p>Esto fue anunciado en una entrevista con The Pat McAfee Show por el presidente de UFC, Dana White.<\/p>\n<blockquote>\n<p>\u201cS\u00ed, ser\u00e1 de peso ligero\u201d, dijo el m\u00e1ximo responsable de la organizaci\u00f3n.<\/p>\n<\/blockquote>\n<p>White tambi\u00e9n respondi\u00f3 a la pregunta de si el ganador de este enfrentamiento puede contar con una oportunidad por el t\u00edtulo.<\/p>\n<blockquote>\n<p>\u00abTodav\u00eda no lo s\u00e9. Todo lo que puedo decir es que Conor vs. Chandler va a ser divertido para la gente. Ser\u00e1 un ejemplo de crueldad absoluta\u00bb.<\/p>\n<\/blockquote>\n<p>La semana pasada, Conor McGregor y Michael Chandler fueron nombrados oficialmente entrenadores de la pr\u00f3xima temporada de The Ultimate Fighter, que comenzar\u00e1 a filmarse pronto. El programa se transmitir\u00e1 por televisi\u00f3n del 30 de mayo al 15 de agosto y se rumorea que la pelea en s\u00ed est\u00e1 programada para septiembre.<\/p>\n<p>La v\u00edspera se inform\u00f3 que en el marco de la temporada 31 de TUF competir\u00e1n luchadores que ya jugaron en la liga m\u00e1s fuerte del mundo, pero la abandonaron por diversas razones, y reci\u00e9n llegados que quieran demostrar su talento en la UFC. . Los representantes de la organizaci\u00f3n a\u00fan no se han pronunciado oficialmente al respecto.<\/p>\n<\/p>\n<\/div>\n<p><!--post-tags--><\/p>\n<p>Fuente: https:\/\/fighttime.ru\/news\/item\/30734-prezident-ufc-proyasnil-status-boya-makgregora-i-chendlera.html?rand=19907<\/p>\n","protected":false},"excerpt":{"rendered":"<p>A pesar de los informes anteriores de que la pelea entre Conor McGregor y Michael Chandler se llevar\u00e1 a cabo en la divisi\u00f3n de peso welter, los peleadores se enfrentar\u00e1n en la categor\u00eda de peso ligero. Esto fue anunciado en una entrevista con The Pat McAfee Show por el presidente de UFC, Dana White. \u201cS\u00ed, [&hellip;]<\/p>\n","protected":false},"author":1,"featured_media":354996,"comment_status":"","ping_status":"open","sticky":false,"template":"","format":"standard","meta":{"footnotes":""},"categories":[1171],"tags":[1258,1342,224],"_links":{"self":[{"href":"https:\/\/wmmaa.org\/es\/wp-json\/wp\/v2\/posts\/355010"}],"collection":[{"href":"https:\/\/wmmaa.org\/es\/wp-json\/wp\/v2\/posts"}],"about":[{"href":"https:\/\/wmmaa.org\/es\/wp-json\/wp\/v2\/types\/post"}],"author":[{"embeddable":true,"href":"https:\/\/wmmaa.org\/es\/wp-json\/wp\/v2\/users\/1"}],"replies":[{"embeddable":true,"href":"https:\/\/wmmaa.org\/es\/wp-json\/wp\/v2\/comments?post=355010"}],"version-history":[{"count":0,"href":"https:\/\/wmmaa.org\/es\/wp-json\/wp\/v2\/posts\/355010\/revisions"}],"wp:featuredmedia":[{"embeddable":true,"href":"https:\/\/wmmaa.org\/es\/wp-json\/wp\/v2\/media\/354996"}],"wp:attachment":[{"href":"https:\/\/wmmaa.org\/es\/wp-json\/wp\/v2\/media?parent=355010"}],"wp:term":[{"taxonomy":"category","embeddable":true,"href":"https:\/\/wmmaa.org\/es\/wp-json\/wp\/v2\/categories?post=355010"},{"taxonomy":"post_tag","embeddable":true,"href":"https:\/\/wmmaa.org\/es\/wp-json\/wp\/v2\/tags?post=355010"}],"curies":[{"name":"wp","href":"https:\/\/api.w.org\/{rel}","templated":true}]}}