{"id":353458,"date":"2023-02-07T02:59:18","date_gmt":"2023-02-07T00:59:18","guid":{"rendered":"https:\/\/wmmaa.org\/chris-weidman-quiere-volver-a-ufc-en-verano-regreso-para-intentar-conseguir-lo-que-es-mio\/"},"modified":"2023-02-07T02:59:18","modified_gmt":"2023-02-07T00:59:18","slug":"chris-weidman-quiere-volver-a-ufc-en-verano-regreso-para-intentar-conseguir-lo-que-es-mio","status":"publish","type":"post","link":"https:\/\/wmmaa.org\/es\/chris-weidman-quiere-volver-a-ufc-en-verano-regreso-para-intentar-conseguir-lo-que-es-mio\/","title":{"rendered":"Chris Weidman quiere volver a UFC en verano: \u00abRegreso para intentar conseguir lo que es m\u00edo\u00bb."},"content":{"rendered":"<p>Chris Weidman est\u00e1 casi listo para regresar a la jaula. <\/p>\n<p>Weidman, un ex campe\u00f3n de peso mediano de UFC, ha estado alejado de la competencia durante casi dos a\u00f1os luego de la catastr\u00f3fica lesi\u00f3n en la pierna que sufri\u00f3 contra Uriah Hall en UFC 261. En enero, el ex campe\u00f3n de peso mediano de UFC anunci\u00f3 que <a rel=\"nofollow noopener\" target=\"_blank\" href=\"https:\/\/www.mmamania.com\/2023\/1\/25\/23571249\/chris-weidman-vs-owen-livesey-booked-march-11-ufc-fight-pass-mma\">volver\u00e1 a la acci\u00f3n en marzo<\/a>donde se enfrenta a Owen Livesey en una superpelea de grappling en Polaris 23. Hablando con Ariel Helwani el lunes, Weidman explic\u00f3 que su pierna a\u00fan no est\u00e1 al 100 por ciento, por lo que vio el grappling como una buena manera de volver a la competencia. <\/p>\n<p>\u00abHa sido un largo camino\u00bb, dijo Weidman en <a rel=\"nofollow noopener\" target=\"_blank\" href=\"https:\/\/www.youtube.com\/watch?v=a4zFm-e4sH0\"><em>La hora de las MMA<\/em><\/a>. \u00abHe estado soportando esta lesi\u00f3n y recuperaci\u00f3n. Tuve 4 cirug\u00edas y me infect\u00e9. Ha sido un infierno. Me han pedido varias veces que haga eventos de lucha a lo largo de los a\u00f1os y simplemente nunca funciona\u00bb. en cuanto al tiempo Hice el Abu Dhabi [Combat Club] en 2009, hice las pruebas y luego pude ir a Abu Dhabi en Barcelona, \u200b\u200bEspa\u00f1a, y fue una gran oportunidad para m\u00ed. Fue una gran experiencia. Sent\u00ed que lo har\u00eda m\u00e1s porque es algo que disfruto hacer. Pero, MMA se ha hecho cargo, as\u00ed que me he centrado en eso. Mi pierna todav\u00eda necesita sanar, pero hay algunos problemas con los que todav\u00eda tengo que lidiar. Me ofrecen el combate de lucha Polaris. Pens\u00e9 que este era un momento incre\u00edble. <\/p>\n<p>Weidman dijo que no es un principiante cuando se trata de lucha de \u00e9lite. Fue dos veces luchador All-American en la universidad y gan\u00f3 las pruebas ADCC de Am\u00e9rica del Norte en 2009, donde tuvo un combate competitivo con la leyenda del grappling Andre Galvao. <\/p>\n<p>A\u00fan as\u00ed, la primera prioridad de Weidman es regresar a su carrera de MMA, y despu\u00e9s de probarse a s\u00ed mismo en este combate de lucha, \u00abThe All-American\u00bb espera regresar a la jaula este verano. <\/p>\n<p>\u00abCreo que es junio-ish. \u00abEn alg\u00fan lugar de junio. Voy a esperar hasta despu\u00e9s de este combate de lucha. Consigue esa victoria, conc\u00e9ntrate en eso, y luego ir\u00e9 al UFC y lo resolver\u00e9. Todav\u00eda tengo cosas que resolver en mi pierna\u00bb. <\/p>\n<div><\/div>\n<p>Weidman es uno de los pesos medianos m\u00e1s exitosos en la historia de UFC, habiendo ostentado el t\u00edtulo por m\u00e1s de dos a\u00f1os. Con casi 39 a\u00f1os y saliendo de una de las peores lesiones en la historia de UFC, es justo preguntarse por qu\u00e9 regresa a las MMA. Pero para el ex campe\u00f3n, es simple: cree que puede volver a ser el mejor del mundo y quiere demostrarlo, lo que significa que cuando regrese, quiere que lo arrojen justo al fondo. <\/p>\n<p>\u00abYo dir\u00eda que alguien entre los 15 primeros\u00bb, dijo Weidman. \u00abCualquiera de 10 a 15 a\u00f1os. Ten\u00eda como 12 a\u00f1os o algo as\u00ed cuando me fui, as\u00ed que en alg\u00fan lugar. No volver\u00e9 para ser un luchador con clasificaci\u00f3n B o un guardi\u00e1n ni nada por el estilo. Pas\u00e9 por todo este infierno. no solo volver y ser as\u00ed. Para obtener el cintur\u00f3n, estoy volviendo a luchar por lo que era m\u00edo. Despu\u00e9s de analizar a todos estos muchachos y ver la divisi\u00f3n de peso mediano estos \u00faltimos dos a\u00f1os, con todos en la parte superior de la divisi\u00f3n, yo No creo que haya ninguna raz\u00f3n por la que no pueda vencer a esos muchachos. As\u00ed que estoy emocionado de abrirme camino y llegar all\u00ed. &#8230; <\/p>\n<p>\u00abCreo que mi conjunto de habilidades coincide muy bien con los mejores, y estoy emocionado de llegar all\u00ed. Definitivamente hay una manera de llegar all\u00ed. Derrotar a alguien en el top 15, y luego tal vez a alguien en el top 5 y boom, estoy all\u00ed. Pero tengo mucho trabajo por hacer, y estoy emocionado por el desaf\u00edo. No voy a pasar por esta mierda para pelear contra algunos tipos que s\u00e9 que puedo vencer o simplemente tener un pelea de renombre, estoy tratando de sorprender al mundo otra vez, me doy cuenta de que no habr\u00e1 mucha gente pensando que puedo regresar y eso me emociona. <\/p>\n<p>El combate de lucha de Weidman con Livesey tendr\u00e1 lugar el 11 de marzo en Doncaster Dome en Doncaster, Inglaterra, y se transmitir\u00e1 exclusivamente en UFC Fight Pass. <\/p>\n<p>Fuente: https:\/\/www.mmafighting.com\/2023\/2\/6\/23588331\/chris-weidman-targets-summer-ufc-return-im-coming-back-to-try-and-get-back-what- es-m\u00edo?rand=96749<\/p>\n","protected":false},"excerpt":{"rendered":"<p>Chris Weidman est\u00e1 casi listo para regresar a la jaula. Weidman, un ex campe\u00f3n de peso mediano de UFC, ha estado alejado de la competencia durante casi dos a\u00f1os luego de la catastr\u00f3fica lesi\u00f3n en la pierna que sufri\u00f3 contra Uriah Hall en UFC 261. En enero, el ex campe\u00f3n de peso mediano de UFC [&hellip;]<\/p>\n","protected":false},"author":1,"featured_media":353444,"comment_status":"","ping_status":"open","sticky":false,"template":"","format":"standard","meta":{"footnotes":""},"categories":[1171],"tags":[],"_links":{"self":[{"href":"https:\/\/wmmaa.org\/es\/wp-json\/wp\/v2\/posts\/353458"}],"collection":[{"href":"https:\/\/wmmaa.org\/es\/wp-json\/wp\/v2\/posts"}],"about":[{"href":"https:\/\/wmmaa.org\/es\/wp-json\/wp\/v2\/types\/post"}],"author":[{"embeddable":true,"href":"https:\/\/wmmaa.org\/es\/wp-json\/wp\/v2\/users\/1"}],"replies":[{"embeddable":true,"href":"https:\/\/wmmaa.org\/es\/wp-json\/wp\/v2\/comments?post=353458"}],"version-history":[{"count":0,"href":"https:\/\/wmmaa.org\/es\/wp-json\/wp\/v2\/posts\/353458\/revisions"}],"wp:featuredmedia":[{"embeddable":true,"href":"https:\/\/wmmaa.org\/es\/wp-json\/wp\/v2\/media\/353444"}],"wp:attachment":[{"href":"https:\/\/wmmaa.org\/es\/wp-json\/wp\/v2\/media?parent=353458"}],"wp:term":[{"taxonomy":"category","embeddable":true,"href":"https:\/\/wmmaa.org\/es\/wp-json\/wp\/v2\/categories?post=353458"},{"taxonomy":"post_tag","embeddable":true,"href":"https:\/\/wmmaa.org\/es\/wp-json\/wp\/v2\/tags?post=353458"}],"curies":[{"name":"wp","href":"https:\/\/api.w.org\/{rel}","templated":true}]}}