{"id":352265,"date":"2023-02-05T08:25:03","date_gmt":"2023-02-05T06:25:03","guid":{"rendered":"https:\/\/wmmaa.org\/fedor-emelianenko-vs-ryan-bader-2-resumen-completo-del-video-de-la-pelea\/"},"modified":"2023-02-05T08:25:03","modified_gmt":"2023-02-05T06:25:03","slug":"fedor-emelianenko-vs-ryan-bader-2-resumen-completo-del-video-de-la-pelea","status":"publish","type":"post","link":"https:\/\/wmmaa.org\/es\/fedor-emelianenko-vs-ryan-bader-2-resumen-completo-del-video-de-la-pelea\/","title":{"rendered":"Fedor Emelianenko vs. Ryan Bader 2 resumen completo del video de la pelea"},"content":{"rendered":"<p>Mire Fedor Emelianenko vs. Ryan Bader 2 en video de la pelea completa de la cartelera principal de Bellator 290, cortes\u00eda de CBS y otros medios. <\/p>\n<p>Bellator 290: Fedor vs. Bader 2 tuvo lugar el 4 de febrero en el Forum de Inglewood, California. Fedor Emelianenko (40-7, 1 NC) se enfrent\u00f3 al campe\u00f3n de peso pesado de Bellator, Ryan Bader (31-7, 1 NC) en el evento principal. . La pelea se transmiti\u00f3 en vivo por CBS. <\/p>\n<p>Vea los momentos destacados del video a continuaci\u00f3n. <\/p>\n<div>\n<blockquote class=\"twitter-tweet\">\n<p lang=\"en\" dir=\"ltr\">\n<p>Campe\u00f3n de peso pesado <a rel=\"nofollow noopener\" target=\"_blank\" href=\"https:\/\/twitter.com\/ryanbader?ref_src=twsrc%5Etfw\">@RyanBader<\/a> se convierte en el primer hombre en derrotar a Fedor dos veces. <\/p>\n<p><a rel=\"nofollow noopener\" target=\"_blank\" href=\"https:\/\/twitter.com\/hashtag\/Bellator290?src=hash&amp;ref_src=twsrc%5Etfw\">#Bellator290<\/a> | &amp; + | VIVE AHORA <a rel=\"nofollow noopener\" target=\"_blank\" href=\"https:\/\/t.co\/Ui7BUBE0L6\">pic.twitter.com\/Ui7BUBE0L6<\/a><\/p>\n<p>&#8212; BellatorMMA (@BellatorMMA) <a rel=\"nofollow noopener\" target=\"_blank\" href=\"https:\/\/twitter.com\/BellatorMMA\/status\/1622082853683986435?ref_src=twsrc%5Etfw\">5 de febrero de 2023<\/a>\n<\/p>\n<\/blockquote>\n<\/div>\n<div>\n<blockquote class=\"twitter-tweet\">\n<p lang=\"en\" dir=\"ltr\"><a rel=\"nofollow noopener\" target=\"_blank\" href=\"https:\/\/twitter.com\/hashtag\/ThankYouFedor?src=hash&amp;ref_src=twsrc%5Etfw\">#GraciasFedor<\/a> <\/p>\n<p><a rel=\"nofollow noopener\" target=\"_blank\" href=\"https:\/\/twitter.com\/hashtag\/Bellator290?src=hash&amp;ref_src=twsrc%5Etfw\">#Bellator290<\/a> | &amp; + | VIVE AHORA <a rel=\"nofollow noopener\" target=\"_blank\" href=\"https:\/\/t.co\/OZf9iwNEBk\">pic.twitter.com\/OZf9iwNEBk<\/a><\/p>\n<p>&#8212; BellatorMMA (@BellatorMMA) <a rel=\"nofollow noopener\" target=\"_blank\" href=\"https:\/\/twitter.com\/BellatorMMA\/status\/1622085190033055744?ref_src=twsrc%5Etfw\">5 de febrero de 2023<\/a>\n<\/p>\n<\/blockquote>\n<\/div>\n<div>\n<blockquote class=\"twitter-tweet\">\n<p lang=\"en\" dir=\"ltr\">Nada m\u00e1s que respeto de <a rel=\"nofollow noopener\" target=\"_blank\" href=\"https:\/\/twitter.com\/ryanbader?ref_src=twsrc%5Etfw\">@RyanBader<\/a>! <\/p>\n<p><a rel=\"nofollow noopener\" target=\"_blank\" href=\"https:\/\/twitter.com\/hashtag\/Bellator290?src=hash&amp;ref_src=twsrc%5Etfw\">#Bellator290<\/a> | &amp; + | VIVE AHORA <a rel=\"nofollow noopener\" target=\"_blank\" href=\"https:\/\/t.co\/eFP7mck20I\">pic.twitter.com\/eFP7mck20I<\/a><\/p>\n<p>&#8212; BellatorMMA (@BellatorMMA) <a rel=\"nofollow noopener\" target=\"_blank\" href=\"https:\/\/twitter.com\/BellatorMMA\/status\/1622083539238805507?ref_src=twsrc%5Etfw\">5 de febrero de 2023<\/a>\n<\/p>\n<\/blockquote>\n<\/div>\n<div>\n<blockquote class=\"twitter-tweet\">\n<p lang=\"en\" dir=\"ltr\">Las leyendas nunca mueren, independientemente de <\/p>\n<p>. Qu\u00e9 incre\u00edble carrera tuvo Fedor. <\/p>\n<p><a rel=\"nofollow noopener\" target=\"_blank\" href=\"https:\/\/twitter.com\/hashtag\/Bellator290?src=hash&amp;ref_src=twsrc%5Etfw\">#Bellator290<\/a> | &amp; + | VIVE AHORA <a rel=\"nofollow noopener\" target=\"_blank\" href=\"https:\/\/t.co\/oyPhFcAoph\">pic.twitter.com\/oyPhFcAoph<\/a><\/p>\n<p>&#8212; BellatorMMA (@BellatorMMA) <a rel=\"nofollow noopener\" target=\"_blank\" href=\"https:\/\/twitter.com\/BellatorMMA\/status\/1622083128876568576?ref_src=twsrc%5Etfw\">5 de febrero de 2023<\/a>\n<\/p>\n<\/blockquote>\n<\/div>\n<div>\n<blockquote class=\"twitter-tweet\">\n<p lang=\"en\" dir=\"ltr\">\u00a1El \u00faltimo paseo del \u00faltimo emperador! <\/p>\n<p>Sintonizar <a rel=\"nofollow noopener\" target=\"_blank\" href=\"https:\/\/twitter.com\/CBS?ref_src=twsrc%5Etfw\">@CBS<\/a> y <a rel=\"nofollow noopener\" target=\"_blank\" href=\"https:\/\/twitter.com\/paramountplus?ref_src=twsrc%5Etfw\">@paramountplus<\/a> AHORA. <a rel=\"nofollow noopener\" target=\"_blank\" href=\"https:\/\/twitter.com\/hashtag\/Bellator290?src=hash&amp;ref_src=twsrc%5Etfw\">#Bellator290<\/a> <a rel=\"nofollow noopener\" target=\"_blank\" href=\"https:\/\/twitter.com\/hashtag\/Bellator?src=hash&amp;ref_src=twsrc%5Etfw\">#Bellator<\/a> <a rel=\"nofollow noopener\" target=\"_blank\" href=\"https:\/\/twitter.com\/hashtag\/MMA?src=hash&amp;ref_src=twsrc%5Etfw\">#MMA<\/a> <a rel=\"nofollow noopener\" target=\"_blank\" href=\"https:\/\/twitter.com\/BellatorMMA?ref_src=twsrc%5Etfw\">@BellatorMMA<\/a> <a rel=\"nofollow noopener\" target=\"_blank\" href=\"https:\/\/twitter.com\/CBSSports?ref_src=twsrc%5Etfw\">@CBSDeportes<\/a> <a rel=\"nofollow noopener\" target=\"_blank\" href=\"https:\/\/t.co\/YkqNP2p3zL\">pic.twitter.com\/YkqNP2p3zL<\/a><\/p>\n<p>&#8212; SHOWTIME DEPORTES (@SHOsports) <a rel=\"nofollow noopener\" target=\"_blank\" href=\"https:\/\/twitter.com\/SHOsports\/status\/1622080889437163521?ref_src=twsrc%5Etfw\">5 de febrero de 2023<\/a>\n<\/p>\n<\/blockquote>\n<\/div>\n<div>\n<blockquote class=\"twitter-tweet\">\n<p lang=\"en\" dir=\"ltr\">El campe\u00f3n est\u00e1 listo <a rel=\"nofollow noopener\" target=\"_blank\" href=\"https:\/\/twitter.com\/hashtag\/Bellator290?src=hash&amp;ref_src=twsrc%5Etfw\">#Bellator290<\/a> est\u00e1 EN VIVO en <a rel=\"nofollow noopener\" target=\"_blank\" href=\"https:\/\/twitter.com\/CBS?ref_src=twsrc%5Etfw\">@CBS<\/a> y <a rel=\"nofollow noopener\" target=\"_blank\" href=\"https:\/\/twitter.com\/paramountplus?ref_src=twsrc%5Etfw\">@paramountplus<\/a>. <a rel=\"nofollow noopener\" target=\"_blank\" href=\"https:\/\/t.co\/L2JwcDNIqc\">pic.twitter.com\/L2JwcDNIqc<\/a><\/p>\n<p>&#8212; SHOWTIME DEPORTES (@SHOsports) <a rel=\"nofollow noopener\" target=\"_blank\" href=\"https:\/\/twitter.com\/SHOsports\/status\/1622059307419439104?ref_src=twsrc%5Etfw\">5 de febrero de 2023<\/a>\n<\/p>\n<\/blockquote>\n<\/div>\n<div>\n<blockquote class=\"twitter-tweet\">\n<p lang=\"en\" dir=\"ltr\">El est\u00e1 aqu\u00ed! <\/p>\n<p>El <a rel=\"nofollow noopener\" target=\"_blank\" href=\"https:\/\/twitter.com\/MonsterEnergy?ref_src=twsrc%5Etfw\">@Energ\u00eda monstruosa<\/a> Preliminares, impulsados \u200b\u200bpor <a rel=\"nofollow noopener\" target=\"_blank\" href=\"https:\/\/twitter.com\/NorthgateGlzMrk?ref_src=twsrc%5Etfw\">@NorthgateGlzMrk<\/a> est\u00e1n EN VIVO AHORA en el canal de YouTube de Bellator. <\/p>\n<p><a rel=\"nofollow noopener\" target=\"_blank\" href=\"https:\/\/twitter.com\/hashtag\/Bellator290?src=hash&amp;ref_src=twsrc%5Etfw\">#Bellator290<\/a> | <a rel=\"nofollow noopener\" target=\"_blank\" href=\"https:\/\/twitter.com\/CBS?ref_src=twsrc%5Etfw\">@CBS<\/a> &amp; <a rel=\"nofollow noopener\" target=\"_blank\" href=\"https:\/\/twitter.com\/paramountplus?ref_src=twsrc%5Etfw\">@ParamountPlus<\/a> | 9:00 p. m. ET \/ 6:00 p. m. PT <a rel=\"nofollow noopener\" target=\"_blank\" href=\"https:\/\/t.co\/wDMQVYGuVN\">pic.twitter.com\/wDMQVYGuVN<\/a><\/p>\n<p>&#8212; BellatorMMA (@BellatorMMA) <a rel=\"nofollow noopener\" target=\"_blank\" href=\"https:\/\/twitter.com\/BellatorMMA\/status\/1622039777548853248?ref_src=twsrc%5Etfw\">5 de febrero de 2023<\/a>\n<\/p>\n<\/blockquote>\n<\/div>\n<p>Para obtener m\u00e1s informaci\u00f3n sobre Fedor vs. Bader 2, consulte el blog en vivo de Jed Meshew de MMA Fighting. <\/p>\n<p>La ronda 1<\/p>\n<p>Fedor se ve en su estilo ortodoxo y rebotante. Bader tambi\u00e9n se muestra en el estilo ortodoxo, pero con un movimiento entrecortado. <\/p>\n<p>Fedor intenta una ventaja justo temprano. Bader hace un derechazo y Fedor lo derriba. Bader est\u00e1 presionando. <\/p>\n<p>Fedor se come un gancho de izquierda que le sangra la nariz. <\/p>\n<p>\u00a1Se involucran y Bader logra un asombroso uppercut sobre Fedor! \u00a1Se balancean salvajemente juntos! Fedor es atrapado por Bader nuevamente y cae al suelo. Fedor todav\u00eda est\u00e1 all\u00ed, pero Bader lo persigue. Ahora est\u00e1 en la guardia y tratando de conseguir codos. <\/p>\n<p>Fedor est\u00e1 tratando de defenderse y recuperarse. Bader anota algunos tiros geniales y ahora est\u00e1 en media guardia. \u00a1Bader es golpeado con pu\u00f1os de martillo y Fedor se encarga del resto! Bader se aferra a su trasero y se aleja. \u00a1Fedor intenta moverse, pero no puede debido a golpes m\u00e1s potentes de Bader! Fedor lo sigue presionando, e interviene Herb Dean. <\/p>\n<p>Tristemente predecible. <\/p>\n<blockquote>\n<\/blockquote>\n<p>Fuente: https:\/\/www.mmafighting.com\/2023\/2\/4\/23586235\/fedor-emelianenko-vs-ryan-bader-2-full-fight-video-highlights-bellator-290?rand=96749<\/p>\n","protected":false},"excerpt":{"rendered":"<p>Mire Fedor Emelianenko vs. Ryan Bader 2 en video de la pelea completa de la cartelera principal de Bellator 290, cortes\u00eda de CBS y otros medios. Bellator 290: Fedor vs. Bader 2 tuvo lugar el 4 de febrero en el Forum de Inglewood, California. Fedor Emelianenko (40-7, 1 NC) se enfrent\u00f3 al campe\u00f3n de peso [&hellip;]<\/p>\n","protected":false},"author":1,"featured_media":352237,"comment_status":"","ping_status":"open","sticky":false,"template":"","format":"standard","meta":{"footnotes":""},"categories":[1171],"tags":[],"_links":{"self":[{"href":"https:\/\/wmmaa.org\/es\/wp-json\/wp\/v2\/posts\/352265"}],"collection":[{"href":"https:\/\/wmmaa.org\/es\/wp-json\/wp\/v2\/posts"}],"about":[{"href":"https:\/\/wmmaa.org\/es\/wp-json\/wp\/v2\/types\/post"}],"author":[{"embeddable":true,"href":"https:\/\/wmmaa.org\/es\/wp-json\/wp\/v2\/users\/1"}],"replies":[{"embeddable":true,"href":"https:\/\/wmmaa.org\/es\/wp-json\/wp\/v2\/comments?post=352265"}],"version-history":[{"count":0,"href":"https:\/\/wmmaa.org\/es\/wp-json\/wp\/v2\/posts\/352265\/revisions"}],"wp:featuredmedia":[{"embeddable":true,"href":"https:\/\/wmmaa.org\/es\/wp-json\/wp\/v2\/media\/352237"}],"wp:attachment":[{"href":"https:\/\/wmmaa.org\/es\/wp-json\/wp\/v2\/media?parent=352265"}],"wp:term":[{"taxonomy":"category","embeddable":true,"href":"https:\/\/wmmaa.org\/es\/wp-json\/wp\/v2\/categories?post=352265"},{"taxonomy":"post_tag","embeddable":true,"href":"https:\/\/wmmaa.org\/es\/wp-json\/wp\/v2\/tags?post=352265"}],"curies":[{"name":"wp","href":"https:\/\/api.w.org\/{rel}","templated":true}]}}